{"id":10870,"date":"2024-03-23T22:41:56","date_gmt":"2024-03-23T22:41:56","guid":{"rendered":"https:\/\/afrikmatin.com\/?p=10870"},"modified":"2024-03-23T22:41:56","modified_gmt":"2024-03-23T22:41:56","slug":"attentat-terr0riste-au-niger-la-cedeao-exprime-sa-solidarite-apres-la-m0rt-de-23-militaires","status":"publish","type":"post","link":"https:\/\/afrikmatin.com\/?p=10870","title":{"rendered":"Attentat terr0riste au Niger : La CEDEAO exprime sa solidarit\u00e9 apr\u00e8s la m0rt de 23 militaires"},"content":{"rendered":"<p><strong>Dans une d\u00e9claration poignante, la Communaut\u00e9 \u00c9conomique des \u00c9tats de l&rsquo;Afrique de l&rsquo;Ouest (CEDEAO) exprime sa profonde tristesse suite \u00e0 l&#8217;embuscade meurtri\u00e8re qui a co\u00fbt\u00e9 la vie \u00e0 vingt-trois soldats nig\u00e9riens. L&rsquo;attaque, perp\u00e9tr\u00e9e par des terroristes lors d&rsquo;une op\u00e9ration de ratissage dans l&rsquo;ouest du pays, pr\u00e8s des fronti\u00e8res avec le Mali et le Burkina Faso, a plong\u00e9 le Niger dans le deuil.<\/strong><\/p>\n<p>La CEDEAO adresse ses condol\u00e9ances les plus sinc\u00e8res au gouvernement et au peuple nig\u00e9riens, ainsi qu&rsquo;aux familles endeuill\u00e9es et aux Forces Arm\u00e9es du pays. Dans ces moments douloureux, elle exprime son soutien ind\u00e9fectible et sa solidarit\u00e9 avec le Niger.<\/p>\n<p>Cet acte l\u00e2che et barbare est fermement condamn\u00e9 par la CEDEAO, qui r\u00e9affirme sa volont\u00e9 in\u00e9branlable de collaborer \u00e9troitement avec le Niger et d&rsquo;autres pays de la r\u00e9gion dans la lutte contre le terrorisme et les extr\u00e9mismes violents. La coop\u00e9ration r\u00e9gionale est cruciale pour faire face \u00e0 cette menace qui p\u00e8se sur la s\u00e9curit\u00e9 et la stabilit\u00e9 de la r\u00e9gion ouest-africaine.<\/p>\n<p>La CEDEAO appelle \u00e0 une r\u00e9ponse collective et concert\u00e9e contre le terrorisme au Sahel, soulignant l&rsquo;urgence de renforcer les efforts de s\u00e9curit\u00e9 et de pr\u00e9vention dans la r\u00e9gion. Elle r\u00e9it\u00e8re son engagement \u00e0 soutenir le Niger dans cette lutte vitale pour la paix et la s\u00e9curit\u00e9.<\/p>\n<p>En cette p\u00e9riode de deuil national, la solidarit\u00e9 r\u00e9gionale demeure un pilier essentiel dans la d\u00e9fense des valeurs de paix et de stabilit\u00e9 en Afrique de l&rsquo;Ouest. La CEDEAO se tient aux c\u00f4t\u00e9s du peuple nig\u00e9rien et reste d\u00e9termin\u00e9e \u00e0 \u0153uvrer ensemble pour un avenir o\u00f9 la violence et la terreur n&rsquo;auront pas leur place.<\/p>\n","protected":false},"excerpt":{"rendered":"<p>Dans une d\u00e9claration poignante, la Communaut\u00e9 \u00c9conomique des \u00c9tats de l&rsquo;Afrique de l&rsquo;Ouest (CEDEAO) exprime sa profonde tristesse suite \u00e0 l&#8217;embuscade meurtri\u00e8re qui a co\u00fbt\u00e9 la vie \u00e0 vingt-trois soldats nig\u00e9riens. L&rsquo;attaque, perp\u00e9tr\u00e9e par des terroristes lors d&rsquo;une op\u00e9ration de ratissage dans l&rsquo;ouest du pays, pr\u00e8s des fronti\u00e8res avec le Mali et le Burkina Faso, &hellip;<\/p>\n","protected":false},"author":1,"featured_media":9513,"comment_status":"open","ping_status":"open","sticky":false,"template":"","format":"standard","meta":{"footnotes":""},"categories":[3,7,11,12],"tags":[413,735,989,1054,1590,2643,2865,4130,4161,4417,4557],"class_list":["post-10870","post","type-post","status-publish","format-standard","has-post-thumbnail","hentry","category-actualites","category-international","category-politique","category-societe","tag-attaque-terroriste","tag-cedeao","tag-condoleances","tag-cooperation","tag-embuscade","tag-lutte-contre-le-terrorisme","tag-militaires-nigeriens","tag-solidarite","tag-soutien","tag-tragedie","tag-victimes"],"_links":{"self":[{"href":"https:\/\/afrikmatin.com\/index.php?rest_route=\/wp\/v2\/posts\/10870","targetHints":{"allow":["GET"]}}],"collection":[{"href":"https:\/\/afrikmatin.com\/index.php?rest_route=\/wp\/v2\/posts"}],"about":[{"href":"https:\/\/afrikmatin.com\/index.php?rest_route=\/wp\/v2\/types\/post"}],"author":[{"embeddable":true,"href":"https:\/\/afrikmatin.com\/index.php?rest_route=\/wp\/v2\/users\/1"}],"replies":[{"embeddable":true,"href":"https:\/\/afrikmatin.com\/index.php?rest_route=%2Fwp%2Fv2%2Fcomments&post=10870"}],"version-history":[{"count":0,"href":"https:\/\/afrikmatin.com\/index.php?rest_route=\/wp\/v2\/posts\/10870\/revisions"}],"wp:featuredmedia":[{"embeddable":true,"href":"https:\/\/afrikmatin.com\/index.php?rest_route=\/"}],"wp:attachment":[{"href":"https:\/\/afrikmatin.com\/index.php?rest_route=%2Fwp%2Fv2%2Fmedia&parent=10870"}],"wp:term":[{"taxonomy":"category","embeddable":true,"href":"https:\/\/afrikmatin.com\/index.php?rest_route=%2Fwp%2Fv2%2Fcategories&post=10870"},{"taxonomy":"post_tag","embeddable":true,"href":"https:\/\/afrikmatin.com\/index.php?rest_route=%2Fwp%2Fv2%2Ftags&post=10870"}],"curies":[{"name":"wp","href":"https:\/\/api.w.org\/{rel}","templated":true}]}}