{"id":12399,"date":"2024-05-11T12:36:14","date_gmt":"2024-05-11T12:36:14","guid":{"rendered":"https:\/\/afrikmatin.com\/?p=12399"},"modified":"2024-05-11T12:36:14","modified_gmt":"2024-05-11T12:36:14","slug":"la-celebre-josey-exprime-son-admiration-a-lendroit-de","status":"publish","type":"post","link":"https:\/\/afrikmatin.com\/?p=12399","title":{"rendered":"La c\u00e9l\u00e8bre Josey exprime son admiration \u00e0 l&rsquo;endroit de&#8230;"},"content":{"rendered":"<p><strong>Invit\u00e9e sur l&rsquo;\u00e9mission Carrefour Weekend de Fr\u00e9quence 2, la c\u00e9l\u00e8bre Josey a exprim\u00e9 son admiration pour une ic\u00f4ne de la musique ivoirienne, Chantal Ta\u00efba, une artiste \u00e9m\u00e9rite qui a enchant\u00e9 l&rsquo;enfance de nombreux m\u00e9lomanes.<\/strong><\/p>\n<p>L&rsquo;\u00e9pouse de Serey Di\u00e9 a partag\u00e9 son sentiment en ces termes : \u00ab\u00a0Maman Chantal Ta\u00efba, la m\u00e8re des proverbes. Je l&rsquo;admire \u00e9norm\u00e9ment. Je ne l&rsquo;ai pas connue dans les ann\u00e9es 80. Pour moi, j&rsquo;ai \u00e9t\u00e9 plut\u00f4t marqu\u00e9e par les moments forts de sa carri\u00e8re avec son concept Matiko.\u00a0\u00bb<\/p>\n","protected":false},"excerpt":{"rendered":"<p>Invit\u00e9e sur l&rsquo;\u00e9mission Carrefour Weekend de Fr\u00e9quence 2, la c\u00e9l\u00e8bre Josey a exprim\u00e9 son admiration pour une ic\u00f4ne de la musique ivoirienne, Chantal Ta\u00efba, une artiste \u00e9m\u00e9rite qui a enchant\u00e9 l&rsquo;enfance de nombreux m\u00e9lomanes. L&rsquo;\u00e9pouse de Serey Di\u00e9 a partag\u00e9 son sentiment en ces termes : \u00ab\u00a0Maman Chantal Ta\u00efba, la m\u00e8re des proverbes. Je l&rsquo;admire &hellip;<\/p>\n","protected":false},"author":1,"featured_media":12400,"comment_status":"open","ping_status":"open","sticky":false,"template":"","format":"standard","meta":{"footnotes":""},"categories":[2,10],"tags":[139,741],"class_list":["post-12399","post","type-post","status-publish","format-standard","has-post-thumbnail","hentry","category-a-la-une","category-people","tag-admiration","tag-celebre-josey"],"_links":{"self":[{"href":"https:\/\/afrikmatin.com\/index.php?rest_route=\/wp\/v2\/posts\/12399","targetHints":{"allow":["GET"]}}],"collection":[{"href":"https:\/\/afrikmatin.com\/index.php?rest_route=\/wp\/v2\/posts"}],"about":[{"href":"https:\/\/afrikmatin.com\/index.php?rest_route=\/wp\/v2\/types\/post"}],"author":[{"embeddable":true,"href":"https:\/\/afrikmatin.com\/index.php?rest_route=\/wp\/v2\/users\/1"}],"replies":[{"embeddable":true,"href":"https:\/\/afrikmatin.com\/index.php?rest_route=%2Fwp%2Fv2%2Fcomments&post=12399"}],"version-history":[{"count":0,"href":"https:\/\/afrikmatin.com\/index.php?rest_route=\/wp\/v2\/posts\/12399\/revisions"}],"wp:featuredmedia":[{"embeddable":true,"href":"https:\/\/afrikmatin.com\/index.php?rest_route=\/"}],"wp:attachment":[{"href":"https:\/\/afrikmatin.com\/index.php?rest_route=%2Fwp%2Fv2%2Fmedia&parent=12399"}],"wp:term":[{"taxonomy":"category","embeddable":true,"href":"https:\/\/afrikmatin.com\/index.php?rest_route=%2Fwp%2Fv2%2Fcategories&post=12399"},{"taxonomy":"post_tag","embeddable":true,"href":"https:\/\/afrikmatin.com\/index.php?rest_route=%2Fwp%2Fv2%2Ftags&post=12399"}],"curies":[{"name":"wp","href":"https:\/\/api.w.org\/{rel}","templated":true}]}}