{"id":13364,"date":"2024-06-25T17:44:20","date_gmt":"2024-06-25T17:44:20","guid":{"rendered":"https:\/\/afrikmatin.com\/?p=13364"},"modified":"2024-06-25T17:44:20","modified_gmt":"2024-06-25T17:44:20","slug":"primature-le-premier-ministre-ousmane-sonko-recoit-lambassadeur-de-lunion-europeenne-au-senegal","status":"publish","type":"post","link":"https:\/\/afrikmatin.com\/?p=13364","title":{"rendered":"Primature : Le Premier ministre Ousmane Sonko re\u00e7oit l\u2019ambassadeur de l\u2019Union europ\u00e9enne au S\u00e9n\u00e9gal"},"content":{"rendered":"<p><strong>Le Premier ministre s\u00e9n\u00e9galais, Ousmane Sonko, a r\u00e9cemment accueilli Jean-Marc Pisani, ambassadeur de l\u2019Union europ\u00e9enne au S\u00e9n\u00e9gal, \u00e0 la primature pour une rencontre de haute importance.<\/strong><\/p>\n<p>Dans un tweet, l\u2019ambassadeur de l\u2019Union europ\u00e9enne au S\u00e9n\u00e9gal, Jean-Marc Pisani a exprim\u00e9 sa profonde satisfaction apr\u00e8s cette rencontre.<\/p>\n<p>\u00ab\u00a0Je suis tr\u00e8s honor\u00e9 d\u2019avoir pu \u00e9changer longuement avec S.E le Premier ministre Ousmane Sonko sur les priorit\u00e9s du nouveau gouvernement et sur le partenariat entre le S\u00e9n\u00e9gal et l\u2019Union europ\u00e9enne, un partenariat renouvel\u00e9, \u00e9quilibr\u00e9, centr\u00e9 sur l\u2019am\u00e9lioration des conditions de vie des citoyens,\u00a0\u00bb a d\u00e9clar\u00e9 l\u2019ambassadeur.<\/p>\n","protected":false},"excerpt":{"rendered":"<p>Le Premier ministre s\u00e9n\u00e9galais, Ousmane Sonko, a r\u00e9cemment accueilli Jean-Marc Pisani, ambassadeur de l\u2019Union europ\u00e9enne au S\u00e9n\u00e9gal, \u00e0 la primature pour une rencontre de haute importance. Dans un tweet, l\u2019ambassadeur de l\u2019Union europ\u00e9enne au S\u00e9n\u00e9gal, Jean-Marc Pisani a exprim\u00e9 sa profonde satisfaction apr\u00e8s cette rencontre. \u00ab\u00a0Je suis tr\u00e8s honor\u00e9 d\u2019avoir pu \u00e9changer longuement avec S.E &hellip;<\/p>\n","protected":false},"author":1,"featured_media":13365,"comment_status":"open","ping_status":"open","sticky":false,"template":"","format":"standard","meta":{"footnotes":""},"categories":[2,3,12],"tags":[],"class_list":["post-13364","post","type-post","status-publish","format-standard","has-post-thumbnail","hentry","category-a-la-une","category-actualites","category-societe"],"_links":{"self":[{"href":"https:\/\/afrikmatin.com\/index.php?rest_route=\/wp\/v2\/posts\/13364","targetHints":{"allow":["GET"]}}],"collection":[{"href":"https:\/\/afrikmatin.com\/index.php?rest_route=\/wp\/v2\/posts"}],"about":[{"href":"https:\/\/afrikmatin.com\/index.php?rest_route=\/wp\/v2\/types\/post"}],"author":[{"embeddable":true,"href":"https:\/\/afrikmatin.com\/index.php?rest_route=\/wp\/v2\/users\/1"}],"replies":[{"embeddable":true,"href":"https:\/\/afrikmatin.com\/index.php?rest_route=%2Fwp%2Fv2%2Fcomments&post=13364"}],"version-history":[{"count":1,"href":"https:\/\/afrikmatin.com\/index.php?rest_route=\/wp\/v2\/posts\/13364\/revisions"}],"predecessor-version":[{"id":13366,"href":"https:\/\/afrikmatin.com\/index.php?rest_route=\/wp\/v2\/posts\/13364\/revisions\/13366"}],"wp:featuredmedia":[{"embeddable":true,"href":"https:\/\/afrikmatin.com\/index.php?rest_route=\/wp\/v2\/media\/13365"}],"wp:attachment":[{"href":"https:\/\/afrikmatin.com\/index.php?rest_route=%2Fwp%2Fv2%2Fmedia&parent=13364"}],"wp:term":[{"taxonomy":"category","embeddable":true,"href":"https:\/\/afrikmatin.com\/index.php?rest_route=%2Fwp%2Fv2%2Fcategories&post=13364"},{"taxonomy":"post_tag","embeddable":true,"href":"https:\/\/afrikmatin.com\/index.php?rest_route=%2Fwp%2Fv2%2Ftags&post=13364"}],"curies":[{"name":"wp","href":"https:\/\/api.w.org\/{rel}","templated":true}]}}