{"id":14440,"date":"2024-10-18T13:17:42","date_gmt":"2024-10-18T13:17:42","guid":{"rendered":"https:\/\/afrikmatin.com\/?p=14440"},"modified":"2024-10-18T13:17:42","modified_gmt":"2024-10-18T13:17:42","slug":"retrait-des-troupes-latmis-transfere-la-base-de-kuday-a-larmee-somalienne","status":"publish","type":"post","link":"https:\/\/afrikmatin.com\/?p=14440","title":{"rendered":"Retrait des troupes : L\u2019ATMIS transf\u00e8re la base de Kuday \u00e0 l\u2019arm\u00e9e somalienne"},"content":{"rendered":"<p><strong>La Mission de transition de l\u2019Union africaine (UA) en Somalie (ATMIS) a annonc\u00e9, jeudi, le transfert officiel de la base militaire de Kuday aux forces de s\u00e9curit\u00e9 somaliennes. Cet \u00e9v\u00e9nement marque une \u00e9tape cruciale dans la troisi\u00e8me phase du retrait des troupes de l\u2019UA, soulignant ainsi le renforcement des capacit\u00e9s de s\u00e9curit\u00e9 du gouvernement somalien.<\/strong><\/p>\n<p>La base de Kuday, situ\u00e9e dans la r\u00e9gion du Bas-Juba, au sud de la Somalie, a \u00e9t\u00e9 occup\u00e9e par les Forces de d\u00e9fense du Kenya (KDF) depuis 2015. Elle a jou\u00e9 un r\u00f4le essentiel en tant que zone tampon strat\u00e9gique pour la protection de la ville portuaire de Kismayo. Ce transfert est per\u00e7u comme un signe encourageant de la volont\u00e9 du gouvernement somalien d\u2019assumer progressivement ses responsabilit\u00e9s en mati\u00e8re de s\u00e9curit\u00e9, avec le soutien continu de l\u2019ATMIS.<\/p>\n<p>Suleiman Ibrahim, ing\u00e9nieur en chef militaire d\u2019ATMIS, a d\u00e9clar\u00e9 dans un communiqu\u00e9 publi\u00e9 \u00e0 Mogadiscio : \u00ab Ce transfert d\u00e9montre la capacit\u00e9 et la volont\u00e9 du gouvernement somalien de continuer \u00e0 assumer les responsabilit\u00e9s en mati\u00e8re de s\u00e9curit\u00e9. \u00bb Il a \u00e9galement salu\u00e9 les efforts des troupes de la KDF pour avoir s\u00e9curis\u00e9 le Bas-Juba, tout en exhortant les nouvelles forces de s\u00e9curit\u00e9 somaliennes \u00e0 rester vigilantes pour pr\u00e9server l\u2019h\u00e9ritage de leurs pr\u00e9d\u00e9cesseurs.<\/p>\n<p>La r\u00e9gion du Bas-Juba a \u00e9t\u00e9 lib\u00e9r\u00e9e d\u2019Al-Shabab par l\u2019ATMIS et les forces de s\u00e9curit\u00e9 somaliennes en 2015, ce qui a consid\u00e9rablement affaibli les op\u00e9rations du groupe militant dans le sud de la Somalie. Sakariye Mohamed Omar, repr\u00e9sentant de l\u2019arm\u00e9e nationale somalienne, a soulign\u00e9 l\u2019importance de la coop\u00e9ration entre les forces alli\u00e9es pour contrer la menace d\u2019Al-Shabab dans la r\u00e9gion.<\/p>\n<p>\u00c0 ce jour, l\u2019ATMIS a transf\u00e9r\u00e9 six bases militaires aux forces de s\u00e9curit\u00e9 somaliennes et a r\u00e9duit ses effectifs de 2 000 hommes dans le cadre de la troisi\u00e8me phase de r\u00e9duction des troupes, approuv\u00e9e par les Nations Unies et l\u2019Union africaine. Ce processus s\u2019inscrit dans un objectif plus large de renforcer la capacit\u00e9 de la Somalie \u00e0 g\u00e9rer ses propres questions de s\u00e9curit\u00e9 et \u00e0 maintenir la paix dans la r\u00e9gion.<\/p>\n","protected":false},"excerpt":{"rendered":"<p>La Mission de transition de l\u2019Union africaine (UA) en Somalie (ATMIS) a annonc\u00e9, jeudi, le transfert officiel de la base militaire de Kuday aux forces de s\u00e9curit\u00e9 somaliennes. Cet \u00e9v\u00e9nement marque une \u00e9tape cruciale dans la troisi\u00e8me phase du retrait des troupes de l\u2019UA, soulignant ainsi le renforcement des capacit\u00e9s de s\u00e9curit\u00e9 du gouvernement somalien. &hellip;<\/p>\n","protected":false},"author":1,"featured_media":14441,"comment_status":"open","ping_status":"open","sticky":false,"template":"","format":"standard","meta":{"footnotes":""},"categories":[3,12],"tags":[220,6097,6102,6098,1054,6099,6101,6103,6096,6100,3995,4135,4502],"class_list":["post-14440","post","type-post","status-publish","format-standard","has-post-thumbnail","hentry","category-actualites","category-societe","tag-al-shabab","tag-atmis","tag-bas-juba","tag-base-militaire-de-kuday","tag-cooperation","tag-forces-de-securite-somaliennes","tag-kdf","tag-kismayo","tag-mission-de-transition","tag-retrait-des-troupes","tag-securite","tag-somalie","tag-union-africaine"],"_links":{"self":[{"href":"https:\/\/afrikmatin.com\/index.php?rest_route=\/wp\/v2\/posts\/14440","targetHints":{"allow":["GET"]}}],"collection":[{"href":"https:\/\/afrikmatin.com\/index.php?rest_route=\/wp\/v2\/posts"}],"about":[{"href":"https:\/\/afrikmatin.com\/index.php?rest_route=\/wp\/v2\/types\/post"}],"author":[{"embeddable":true,"href":"https:\/\/afrikmatin.com\/index.php?rest_route=\/wp\/v2\/users\/1"}],"replies":[{"embeddable":true,"href":"https:\/\/afrikmatin.com\/index.php?rest_route=%2Fwp%2Fv2%2Fcomments&post=14440"}],"version-history":[{"count":1,"href":"https:\/\/afrikmatin.com\/index.php?rest_route=\/wp\/v2\/posts\/14440\/revisions"}],"predecessor-version":[{"id":14442,"href":"https:\/\/afrikmatin.com\/index.php?rest_route=\/wp\/v2\/posts\/14440\/revisions\/14442"}],"wp:featuredmedia":[{"embeddable":true,"href":"https:\/\/afrikmatin.com\/index.php?rest_route=\/wp\/v2\/media\/14441"}],"wp:attachment":[{"href":"https:\/\/afrikmatin.com\/index.php?rest_route=%2Fwp%2Fv2%2Fmedia&parent=14440"}],"wp:term":[{"taxonomy":"category","embeddable":true,"href":"https:\/\/afrikmatin.com\/index.php?rest_route=%2Fwp%2Fv2%2Fcategories&post=14440"},{"taxonomy":"post_tag","embeddable":true,"href":"https:\/\/afrikmatin.com\/index.php?rest_route=%2Fwp%2Fv2%2Ftags&post=14440"}],"curies":[{"name":"wp","href":"https:\/\/api.w.org\/{rel}","templated":true}]}}