{"id":1480134,"date":"2026-04-23T12:46:08","date_gmt":"2026-04-23T12:46:08","guid":{"rendered":"https:\/\/senego.com\/premier-sejour-de-jean-noel-barrot-au-togo-les-trois-dossiers-prioritaires-au-menu-avec-robert-dussey_1953082.html"},"modified":"2026-04-23T12:46:08","modified_gmt":"2026-04-23T12:46:08","slug":"premier-sejour-de-jean-noel-barrot-au-togo-les-trois-dossiers-prioritaires-au-menu-avec-robert-dussey","status":"publish","type":"post","link":"https:\/\/afrikmatin.com\/?p=1480134","title":{"rendered":"Premier s\u00e9jour de Jean-No\u00ebl Barrot au Togo : les trois dossiers prioritaires au menu avec Robert Dussey"},"content":{"rendered":"<p>Le ministre fran\u00e7ais des Affaires \u00e9trang\u00e8res, Jean-No\u00ebl Barrot, s\u00e9journe \u00e0 Lom\u00e9 les 23 et 24 avril pour sa premi\u00e8re visite officielle au Togo. Ce d\u00e9placement vise \u00e0 consolider les relations bilat\u00e9rales tout en abordant les d\u00e9fis s\u00e9curitaires majeurs de la sous-r\u00e9gion. Avant ses rencontres officielles avec les autorit\u00e9s togolaises, le chef de la diplomatie fran\u00e7aise [&#8230;] <\/p>\n","protected":false},"excerpt":{"rendered":"<p>Le ministre fran\u00e7ais des Affaires \u00e9trang\u00e8res, Jean-No\u00ebl Barrot, s\u00e9journe \u00e0 Lom\u00e9 les 23 et 24 avril pour sa premi\u00e8re visite officielle au Togo. Ce d\u00e9placement vise \u00e0 consolider les relations bilat\u00e9rales tout en abordant les d\u00e9fis s\u00e9curitaires majeurs de la sous-r\u00e9gion. Avant ses rencontres officielles avec les autorit\u00e9s togolaises, le chef de la diplomatie fran\u00e7aise &hellip;<\/p>\n","protected":false},"author":1,"featured_media":0,"comment_status":"open","ping_status":"closed","sticky":false,"template":"","format":"standard","meta":{"footnotes":""},"categories":[3,7,11],"tags":[],"class_list":["post-1480134","post","type-post","status-publish","format-standard","hentry","category-actualites","category-international","category-politique"],"_links":{"self":[{"href":"https:\/\/afrikmatin.com\/index.php?rest_route=\/wp\/v2\/posts\/1480134","targetHints":{"allow":["GET"]}}],"collection":[{"href":"https:\/\/afrikmatin.com\/index.php?rest_route=\/wp\/v2\/posts"}],"about":[{"href":"https:\/\/afrikmatin.com\/index.php?rest_route=\/wp\/v2\/types\/post"}],"author":[{"embeddable":true,"href":"https:\/\/afrikmatin.com\/index.php?rest_route=\/wp\/v2\/users\/1"}],"replies":[{"embeddable":true,"href":"https:\/\/afrikmatin.com\/index.php?rest_route=%2Fwp%2Fv2%2Fcomments&post=1480134"}],"version-history":[{"count":0,"href":"https:\/\/afrikmatin.com\/index.php?rest_route=\/wp\/v2\/posts\/1480134\/revisions"}],"wp:attachment":[{"href":"https:\/\/afrikmatin.com\/index.php?rest_route=%2Fwp%2Fv2%2Fmedia&parent=1480134"}],"wp:term":[{"taxonomy":"category","embeddable":true,"href":"https:\/\/afrikmatin.com\/index.php?rest_route=%2Fwp%2Fv2%2Fcategories&post=1480134"},{"taxonomy":"post_tag","embeddable":true,"href":"https:\/\/afrikmatin.com\/index.php?rest_route=%2Fwp%2Fv2%2Ftags&post=1480134"}],"curies":[{"name":"wp","href":"https:\/\/api.w.org\/{rel}","templated":true}]}}