{"id":14985,"date":"2024-11-15T08:38:10","date_gmt":"2024-11-15T08:38:10","guid":{"rendered":"https:\/\/afrikmatin.com\/?p=14985"},"modified":"2024-11-15T08:38:10","modified_gmt":"2024-11-15T08:38:10","slug":"militaire-les-chefs-detat-du-gabon-du-tchad-et-de-la-cote-divoire-ne-demandent-pas-le-retrait-francais","status":"publish","type":"post","link":"https:\/\/afrikmatin.com\/?p=14985","title":{"rendered":"Militaire : Les chefs d&rsquo;\u00c9tat du Gabon, du Tchad et de la C\u00f4te d&rsquo;Ivoire ne demandent pas le retrait fran\u00e7ais"},"content":{"rendered":"<p><strong>Jean-Marie Bockel, envoy\u00e9 personnel d\u2019Emmanuel Macron pour l\u2019Afrique, a affirm\u00e9 dans une interview \u00e0 France 24 qu\u2019aucun chef d\u2019\u00c9tat du Gabon, du Tchad ou de la C\u00f4te d\u2019Ivoire n\u2019a demand\u00e9 le d\u00e9part des troupes fran\u00e7aises. Selon lui, l\u2019enjeu principal r\u00e9side dans la qualit\u00e9 du partenariat, plut\u00f4t que dans le nombre de soldats d\u00e9ploy\u00e9s.<\/strong><\/p>\n<p>Bockel a pr\u00e9cis\u00e9 que le dispositif militaire fran\u00e7ais, qui inclut des bases au S\u00e9n\u00e9gal, en C\u00f4te d\u2019Ivoire, au Gabon et au Tchad, est en cours de reconfiguration. La presse a rapport\u00e9 que les effectifs pourraient \u00eatre r\u00e9duits \u00e0 une centaine de soldats par base au S\u00e9n\u00e9gal, en C\u00f4te d\u2019Ivoire et au Gabon, tandis que le Tchad accueillerait environ 300 soldats. Ces bases seraient d\u00e9sormais int\u00e9gr\u00e9es \u00e0 des infrastructures locales, renfor\u00e7ant ainsi la coop\u00e9ration avec les pays h\u00f4tes.<\/p>\n<p>Au S\u00e9n\u00e9gal, le Premier ministre Ousmane Sonko a d\u00e9clar\u00e9 que la souverainet\u00e9 nationale \u00e9tait \u00ab\u00a0incompatible avec la pr\u00e9sence durable de bases militaires \u00e9trang\u00e8res\u00a0\u00bb. Cependant, Bockel estime que l\u2019emploi du mot \u00ab\u00a0durable\u00a0\u00bb offre une certaine flexibilit\u00e9, d\u2019autant que le S\u00e9n\u00e9gal est actuellement dans une p\u00e9riode \u00e9lectorale sensible, avec des l\u00e9gislatives pr\u00e9vues le 17 novembre.<\/p>\n<p>Concernant le retrait des troupes fran\u00e7aises du Mali, du Niger et du Burkina Faso, souvent per\u00e7u comme un \u00e9chec pour Paris, Bockel nuance. Selon lui, l\u2019op\u00e9ration Barkhane a \u00e9vit\u00e9 des effondrements \u00e9tatiques dans ces pays en proie \u00e0 des menaces jihadistes. Il admet toutefois un \u00ab\u00a0\u00e9chec politique\u00a0\u00bb, mais rejette l\u2019id\u00e9e d\u2019un \u00e9chec militaire ou tactique.<\/p>\n<p>Les recommandations relatives \u00e0 ces ajustements militaires figurent dans un pr\u00e9-rapport classifi\u00e9 r\u00e9cemment remis au pr\u00e9sident Macron. Cette \u00e9volution marque une volont\u00e9 de renforcer des partenariats militaires plus int\u00e9gr\u00e9s et adapt\u00e9s aux besoins sp\u00e9cifiques de chaque pays africain concern\u00e9.<\/p>\n","protected":false},"excerpt":{"rendered":"<p>Jean-Marie Bockel, envoy\u00e9 personnel d\u2019Emmanuel Macron pour l\u2019Afrique, a affirm\u00e9 dans une interview \u00e0 France 24 qu\u2019aucun chef d\u2019\u00c9tat du Gabon, du Tchad ou de la C\u00f4te d\u2019Ivoire n\u2019a demand\u00e9 le d\u00e9part des troupes fran\u00e7aises. Selon lui, l\u2019enjeu principal r\u00e9side dans la qualit\u00e9 du partenariat, plut\u00f4t que dans le nombre de soldats d\u00e9ploy\u00e9s. Bockel a &hellip;<\/p>\n","protected":false},"author":1,"featured_media":14986,"comment_status":"open","ping_status":"open","sticky":false,"template":"","format":"standard","meta":{"footnotes":""},"categories":[2,3,7,11],"tags":[6679,1057,6681,6557,6678,6680],"class_list":["post-14985","post","type-post","status-publish","format-standard","has-post-thumbnail","hentry","category-a-la-une","category-actualites","category-international","category-politique","tag-bases-militaires-francaises","tag-cooperation-militaire","tag-emmanuel-macron-afrique","tag-jean-marie-bockel","tag-presence-militaire-francaise-en-afrique","tag-reconfiguration-militaire"],"_links":{"self":[{"href":"https:\/\/afrikmatin.com\/index.php?rest_route=\/wp\/v2\/posts\/14985","targetHints":{"allow":["GET"]}}],"collection":[{"href":"https:\/\/afrikmatin.com\/index.php?rest_route=\/wp\/v2\/posts"}],"about":[{"href":"https:\/\/afrikmatin.com\/index.php?rest_route=\/wp\/v2\/types\/post"}],"author":[{"embeddable":true,"href":"https:\/\/afrikmatin.com\/index.php?rest_route=\/wp\/v2\/users\/1"}],"replies":[{"embeddable":true,"href":"https:\/\/afrikmatin.com\/index.php?rest_route=%2Fwp%2Fv2%2Fcomments&post=14985"}],"version-history":[{"count":1,"href":"https:\/\/afrikmatin.com\/index.php?rest_route=\/wp\/v2\/posts\/14985\/revisions"}],"predecessor-version":[{"id":14987,"href":"https:\/\/afrikmatin.com\/index.php?rest_route=\/wp\/v2\/posts\/14985\/revisions\/14987"}],"wp:featuredmedia":[{"embeddable":true,"href":"https:\/\/afrikmatin.com\/index.php?rest_route=\/wp\/v2\/media\/14986"}],"wp:attachment":[{"href":"https:\/\/afrikmatin.com\/index.php?rest_route=%2Fwp%2Fv2%2Fmedia&parent=14985"}],"wp:term":[{"taxonomy":"category","embeddable":true,"href":"https:\/\/afrikmatin.com\/index.php?rest_route=%2Fwp%2Fv2%2Fcategories&post=14985"},{"taxonomy":"post_tag","embeddable":true,"href":"https:\/\/afrikmatin.com\/index.php?rest_route=%2Fwp%2Fv2%2Ftags&post=14985"}],"curies":[{"name":"wp","href":"https:\/\/api.w.org\/{rel}","templated":true}]}}