{"id":1501793,"date":"2026-04-26T11:50:36","date_gmt":"2026-04-26T11:50:36","guid":{"rendered":"https:\/\/senego.com\/?p=1953941"},"modified":"2026-04-26T11:50:36","modified_gmt":"2026-04-26T11:50:36","slug":"la-cedeao-condamne-les-attaques-terroristes-au-mali-et-appelle-a-la-mobilisation-pour-lutter-contre-ce-fleau","status":"publish","type":"post","link":"https:\/\/afrikmatin.com\/?p=1501793","title":{"rendered":"La CEDEAO condamne les attaques terroristes au Mali et appelle \u00e0 la mobilisation pour lutter contre ce fl\u00e9au"},"content":{"rendered":"<p>Le lendemain des attaques, la Commission de la CEDEAO a publi\u00e9 depuis Abuja, le 26 avril 2026, une d\u00e9claration officielle condamnant fermement les \u00e9v\u00e9nements survenus la veille au Mali. Le Mali a v\u00e9cu le samedi 25 avril 2026 une journ\u00e9e d\u2019une intensit\u00e9 rarement observ\u00e9e depuis l\u2019effondrement s\u00e9curitaire de 2012. Des attaques arm\u00e9es simultan\u00e9es ont vis\u00e9 [&#8230;] <\/p>\n","protected":false},"excerpt":{"rendered":"<p>Le lendemain des attaques, la Commission de la CEDEAO a publi\u00e9 depuis Abuja, le 26 avril 2026, une d\u00e9claration officielle condamnant fermement les \u00e9v\u00e9nements survenus la veille au Mali. Le Mali a v\u00e9cu le samedi 25 avril 2026 une journ\u00e9e d\u2019une intensit\u00e9 rarement observ\u00e9e depuis l\u2019effondrement s\u00e9curitaire de 2012. Des attaques arm\u00e9es simultan\u00e9es ont vis\u00e9 &hellip;<\/p>\n","protected":false},"author":1,"featured_media":0,"comment_status":"open","ping_status":"closed","sticky":false,"template":"","format":"standard","meta":{"footnotes":""},"categories":[3,7],"tags":[],"class_list":["post-1501793","post","type-post","status-publish","format-standard","hentry","category-actualites","category-international"],"_links":{"self":[{"href":"https:\/\/afrikmatin.com\/index.php?rest_route=\/wp\/v2\/posts\/1501793","targetHints":{"allow":["GET"]}}],"collection":[{"href":"https:\/\/afrikmatin.com\/index.php?rest_route=\/wp\/v2\/posts"}],"about":[{"href":"https:\/\/afrikmatin.com\/index.php?rest_route=\/wp\/v2\/types\/post"}],"author":[{"embeddable":true,"href":"https:\/\/afrikmatin.com\/index.php?rest_route=\/wp\/v2\/users\/1"}],"replies":[{"embeddable":true,"href":"https:\/\/afrikmatin.com\/index.php?rest_route=%2Fwp%2Fv2%2Fcomments&post=1501793"}],"version-history":[{"count":0,"href":"https:\/\/afrikmatin.com\/index.php?rest_route=\/wp\/v2\/posts\/1501793\/revisions"}],"wp:attachment":[{"href":"https:\/\/afrikmatin.com\/index.php?rest_route=%2Fwp%2Fv2%2Fmedia&parent=1501793"}],"wp:term":[{"taxonomy":"category","embeddable":true,"href":"https:\/\/afrikmatin.com\/index.php?rest_route=%2Fwp%2Fv2%2Fcategories&post=1501793"},{"taxonomy":"post_tag","embeddable":true,"href":"https:\/\/afrikmatin.com\/index.php?rest_route=%2Fwp%2Fv2%2Ftags&post=1501793"}],"curies":[{"name":"wp","href":"https:\/\/api.w.org\/{rel}","templated":true}]}}