{"id":1501794,"date":"2026-04-26T10:49:13","date_gmt":"2026-04-26T10:49:13","guid":{"rendered":"https:\/\/senego.com\/?p=1953937"},"modified":"2026-04-26T10:49:13","modified_gmt":"2026-04-26T10:49:13","slug":"mali-le-ministre-de-la-defense-sadio-camara-tue-lors-de-lattaque-du-jnim","status":"publish","type":"post","link":"https:\/\/afrikmatin.com\/?p=1501794","title":{"rendered":"Mali : le ministre de la D\u00e9fense Sadio Camara tu\u00e9 lors de l\u2019attaque du JNIM"},"content":{"rendered":"<p>La mort du ministre malien de la D\u00e9fense, Sadio Camara, a \u00e9t\u00e9 confirm\u00e9e par\u00a0Jeune Afrique, au lendemain d\u2019une offensive coordonn\u00e9e men\u00e9e le 25 avril contre plusieurs villes du pays. Selon de multiples sources s\u00e9curitaires, Sadio Camara a \u00e9t\u00e9 tu\u00e9 lors de l\u2019attaque ciblant son domicile \u00e0 Kati, pr\u00e8s de Bamako. L\u2019assaut, attribu\u00e9 au Groupe de [&#8230;] <\/p>\n","protected":false},"excerpt":{"rendered":"<p>La mort du ministre malien de la D\u00e9fense, Sadio Camara, a \u00e9t\u00e9 confirm\u00e9e par\u00a0Jeune Afrique, au lendemain d\u2019une offensive coordonn\u00e9e men\u00e9e le 25 avril contre plusieurs villes du pays. Selon de multiples sources s\u00e9curitaires, Sadio Camara a \u00e9t\u00e9 tu\u00e9 lors de l\u2019attaque ciblant son domicile \u00e0 Kati, pr\u00e8s de Bamako. L\u2019assaut, attribu\u00e9 au Groupe de &hellip;<\/p>\n","protected":false},"author":1,"featured_media":0,"comment_status":"open","ping_status":"closed","sticky":false,"template":"","format":"standard","meta":{"footnotes":""},"categories":[3,7],"tags":[],"class_list":["post-1501794","post","type-post","status-publish","format-standard","hentry","category-actualites","category-international"],"_links":{"self":[{"href":"https:\/\/afrikmatin.com\/index.php?rest_route=\/wp\/v2\/posts\/1501794","targetHints":{"allow":["GET"]}}],"collection":[{"href":"https:\/\/afrikmatin.com\/index.php?rest_route=\/wp\/v2\/posts"}],"about":[{"href":"https:\/\/afrikmatin.com\/index.php?rest_route=\/wp\/v2\/types\/post"}],"author":[{"embeddable":true,"href":"https:\/\/afrikmatin.com\/index.php?rest_route=\/wp\/v2\/users\/1"}],"replies":[{"embeddable":true,"href":"https:\/\/afrikmatin.com\/index.php?rest_route=%2Fwp%2Fv2%2Fcomments&post=1501794"}],"version-history":[{"count":0,"href":"https:\/\/afrikmatin.com\/index.php?rest_route=\/wp\/v2\/posts\/1501794\/revisions"}],"wp:attachment":[{"href":"https:\/\/afrikmatin.com\/index.php?rest_route=%2Fwp%2Fv2%2Fmedia&parent=1501794"}],"wp:term":[{"taxonomy":"category","embeddable":true,"href":"https:\/\/afrikmatin.com\/index.php?rest_route=%2Fwp%2Fv2%2Fcategories&post=1501794"},{"taxonomy":"post_tag","embeddable":true,"href":"https:\/\/afrikmatin.com\/index.php?rest_route=%2Fwp%2Fv2%2Ftags&post=1501794"}],"curies":[{"name":"wp","href":"https:\/\/api.w.org\/{rel}","templated":true}]}}