{"id":1509050,"date":"2026-04-27T13:30:39","date_gmt":"2026-04-27T13:30:39","guid":{"rendered":"https:\/\/senego.com\/allemagne-merz-dit-que-liran-humilie-les-etats-unis-et-cite-deux-precedents_1954320.html"},"modified":"2026-04-27T13:30:39","modified_gmt":"2026-04-27T13:30:39","slug":"allemagne-merz-dit-que-liran-humilie-les-etats-unis-et-cite-deux-precedents","status":"publish","type":"post","link":"https:\/\/afrikmatin.com\/?p=1509050","title":{"rendered":"Allemagne : Merz dit que l\u2019Iran humilie les \u00c9tats-Unis et cite deux pr\u00e9c\u00e9dents"},"content":{"rendered":"<p>En Allemagne, le chancelier Friedrich Merz a comment\u00e9 lundi la guerre opposant les \u00c9tats-Unis \u00e0 l\u2019Iran, en estimant que Washington se trouve dans une position difficile sur le plan strat\u00e9gique. Lors d\u2019un \u00e9change avec des \u00e9tudiants \u00e0 Marsberg, il a \u00e9galement \u00e9voqu\u00e9 les r\u00e9percussions \u00e9conomiques d\u00e9j\u00e0 ressenties par Berlin. D\u2019apr\u00e8s Al Jazeera, Friedrich Merz a [&#8230;] <\/p>\n","protected":false},"excerpt":{"rendered":"<p>En Allemagne, le chancelier Friedrich Merz a comment\u00e9 lundi la guerre opposant les \u00c9tats-Unis \u00e0 l\u2019Iran, en estimant que Washington se trouve dans une position difficile sur le plan strat\u00e9gique. Lors d\u2019un \u00e9change avec des \u00e9tudiants \u00e0 Marsberg, il a \u00e9galement \u00e9voqu\u00e9 les r\u00e9percussions \u00e9conomiques d\u00e9j\u00e0 ressenties par Berlin. D\u2019apr\u00e8s Al Jazeera, Friedrich Merz a &hellip;<\/p>\n","protected":false},"author":1,"featured_media":0,"comment_status":"open","ping_status":"closed","sticky":false,"template":"","format":"standard","meta":{"footnotes":""},"categories":[3,7],"tags":[],"class_list":["post-1509050","post","type-post","status-publish","format-standard","hentry","category-actualites","category-international"],"_links":{"self":[{"href":"https:\/\/afrikmatin.com\/index.php?rest_route=\/wp\/v2\/posts\/1509050","targetHints":{"allow":["GET"]}}],"collection":[{"href":"https:\/\/afrikmatin.com\/index.php?rest_route=\/wp\/v2\/posts"}],"about":[{"href":"https:\/\/afrikmatin.com\/index.php?rest_route=\/wp\/v2\/types\/post"}],"author":[{"embeddable":true,"href":"https:\/\/afrikmatin.com\/index.php?rest_route=\/wp\/v2\/users\/1"}],"replies":[{"embeddable":true,"href":"https:\/\/afrikmatin.com\/index.php?rest_route=%2Fwp%2Fv2%2Fcomments&post=1509050"}],"version-history":[{"count":0,"href":"https:\/\/afrikmatin.com\/index.php?rest_route=\/wp\/v2\/posts\/1509050\/revisions"}],"wp:attachment":[{"href":"https:\/\/afrikmatin.com\/index.php?rest_route=%2Fwp%2Fv2%2Fmedia&parent=1509050"}],"wp:term":[{"taxonomy":"category","embeddable":true,"href":"https:\/\/afrikmatin.com\/index.php?rest_route=%2Fwp%2Fv2%2Fcategories&post=1509050"},{"taxonomy":"post_tag","embeddable":true,"href":"https:\/\/afrikmatin.com\/index.php?rest_route=%2Fwp%2Fv2%2Ftags&post=1509050"}],"curies":[{"name":"wp","href":"https:\/\/api.w.org\/{rel}","templated":true}]}}