{"id":1509051,"date":"2026-04-27T12:40:38","date_gmt":"2026-04-27T12:40:38","guid":{"rendered":"https:\/\/senego.com\/france-psg-bayern-munich-et-labsence-qui-change-le-banc-bavarois_1954309.html"},"modified":"2026-04-27T12:40:38","modified_gmt":"2026-04-27T12:40:38","slug":"france-psg-bayern-munich-et-labsence-qui-change-le-banc-bavarois","status":"publish","type":"post","link":"https:\/\/afrikmatin.com\/?p=1509051","title":{"rendered":"France : PSG-Bayern Munich et l\u2019absence qui change le banc bavarois"},"content":{"rendered":"<p>Le Paris Saint-Germain re\u00e7oit le Bayern Munich ce mardi 28 avril \u00e0 21h au Parc des Princes, \u00e0 Paris, pour la demi-finale aller de la Ligue des champions. Les deux \u00e9quipes abordent ce rendez-vous en confiance, avec des effectifs presque au complet malgr\u00e9 plusieurs incertitudes et absences signal\u00e9es avant le coup d\u2019envoi. D\u2019apr\u00e8s Al Jazeera, [&#8230;] <\/p>\n","protected":false},"excerpt":{"rendered":"<p>Le Paris Saint-Germain re\u00e7oit le Bayern Munich ce mardi 28 avril \u00e0 21h au Parc des Princes, \u00e0 Paris, pour la demi-finale aller de la Ligue des champions. Les deux \u00e9quipes abordent ce rendez-vous en confiance, avec des effectifs presque au complet malgr\u00e9 plusieurs incertitudes et absences signal\u00e9es avant le coup d\u2019envoi. D\u2019apr\u00e8s Al Jazeera, &hellip;<\/p>\n","protected":false},"author":1,"featured_media":0,"comment_status":"open","ping_status":"closed","sticky":false,"template":"","format":"standard","meta":{"footnotes":""},"categories":[3,7,13],"tags":[],"class_list":["post-1509051","post","type-post","status-publish","format-standard","hentry","category-actualites","category-international","category-sports"],"_links":{"self":[{"href":"https:\/\/afrikmatin.com\/index.php?rest_route=\/wp\/v2\/posts\/1509051","targetHints":{"allow":["GET"]}}],"collection":[{"href":"https:\/\/afrikmatin.com\/index.php?rest_route=\/wp\/v2\/posts"}],"about":[{"href":"https:\/\/afrikmatin.com\/index.php?rest_route=\/wp\/v2\/types\/post"}],"author":[{"embeddable":true,"href":"https:\/\/afrikmatin.com\/index.php?rest_route=\/wp\/v2\/users\/1"}],"replies":[{"embeddable":true,"href":"https:\/\/afrikmatin.com\/index.php?rest_route=%2Fwp%2Fv2%2Fcomments&post=1509051"}],"version-history":[{"count":0,"href":"https:\/\/afrikmatin.com\/index.php?rest_route=\/wp\/v2\/posts\/1509051\/revisions"}],"wp:attachment":[{"href":"https:\/\/afrikmatin.com\/index.php?rest_route=%2Fwp%2Fv2%2Fmedia&parent=1509051"}],"wp:term":[{"taxonomy":"category","embeddable":true,"href":"https:\/\/afrikmatin.com\/index.php?rest_route=%2Fwp%2Fv2%2Fcategories&post=1509051"},{"taxonomy":"post_tag","embeddable":true,"href":"https:\/\/afrikmatin.com\/index.php?rest_route=%2Fwp%2Fv2%2Ftags&post=1509051"}],"curies":[{"name":"wp","href":"https:\/\/api.w.org\/{rel}","templated":true}]}}