{"id":1516311,"date":"2026-04-28T14:35:54","date_gmt":"2026-04-28T14:35:54","guid":{"rendered":"https:\/\/senego.com\/irak-ali-al-zaidi-nomme-et-le-delai-exact-pour-obtenir-la-confiance-du-parlement_1954756.html"},"modified":"2026-04-28T14:35:54","modified_gmt":"2026-04-28T14:35:54","slug":"irak-ali-al-zaidi-nomme-et-le-delai-exact-pour-obtenir-la-confiance-du-parlement","status":"publish","type":"post","link":"https:\/\/afrikmatin.com\/?p=1516311","title":{"rendered":"Irak : Ali al-Zaidi nomm\u00e9 et le d\u00e9lai exact pour obtenir la confiance du Parlement"},"content":{"rendered":"<p>Apr\u00e8s plusieurs mois de blocage politique, l\u2019Irak a d\u00e9sign\u00e9 un nouveau chef de gouvernement pressenti. Lundi \u00e0 Bagdad, le Cadre de coordination, principal bloc chiite au pouvoir, a choisi Ali al-Zaidi, homme d\u2019affaires de 40 ans, comme candidat de compromis au poste de Premier ministre, avant sa nomination officielle par le pr\u00e9sident Nizar Amedi. Selon [&#8230;] <\/p>\n","protected":false},"excerpt":{"rendered":"<p>Apr\u00e8s plusieurs mois de blocage politique, l\u2019Irak a d\u00e9sign\u00e9 un nouveau chef de gouvernement pressenti. Lundi \u00e0 Bagdad, le Cadre de coordination, principal bloc chiite au pouvoir, a choisi Ali al-Zaidi, homme d\u2019affaires de 40 ans, comme candidat de compromis au poste de Premier ministre, avant sa nomination officielle par le pr\u00e9sident Nizar Amedi. Selon &hellip;<\/p>\n","protected":false},"author":1,"featured_media":0,"comment_status":"open","ping_status":"closed","sticky":false,"template":"","format":"standard","meta":{"footnotes":""},"categories":[3,7,11],"tags":[],"class_list":["post-1516311","post","type-post","status-publish","format-standard","hentry","category-actualites","category-international","category-politique"],"_links":{"self":[{"href":"https:\/\/afrikmatin.com\/index.php?rest_route=\/wp\/v2\/posts\/1516311","targetHints":{"allow":["GET"]}}],"collection":[{"href":"https:\/\/afrikmatin.com\/index.php?rest_route=\/wp\/v2\/posts"}],"about":[{"href":"https:\/\/afrikmatin.com\/index.php?rest_route=\/wp\/v2\/types\/post"}],"author":[{"embeddable":true,"href":"https:\/\/afrikmatin.com\/index.php?rest_route=\/wp\/v2\/users\/1"}],"replies":[{"embeddable":true,"href":"https:\/\/afrikmatin.com\/index.php?rest_route=%2Fwp%2Fv2%2Fcomments&post=1516311"}],"version-history":[{"count":0,"href":"https:\/\/afrikmatin.com\/index.php?rest_route=\/wp\/v2\/posts\/1516311\/revisions"}],"wp:attachment":[{"href":"https:\/\/afrikmatin.com\/index.php?rest_route=%2Fwp%2Fv2%2Fmedia&parent=1516311"}],"wp:term":[{"taxonomy":"category","embeddable":true,"href":"https:\/\/afrikmatin.com\/index.php?rest_route=%2Fwp%2Fv2%2Fcategories&post=1516311"},{"taxonomy":"post_tag","embeddable":true,"href":"https:\/\/afrikmatin.com\/index.php?rest_route=%2Fwp%2Fv2%2Ftags&post=1516311"}],"curies":[{"name":"wp","href":"https:\/\/api.w.org\/{rel}","templated":true}]}}