{"id":1516313,"date":"2026-04-28T12:56:19","date_gmt":"2026-04-28T12:56:19","guid":{"rendered":"https:\/\/senego.com\/emirats-arabes-unis-le-reproche-adresse-aux-allies-arabes-apres-la-rupture-avec-lopep_1954732.html"},"modified":"2026-04-28T12:56:19","modified_gmt":"2026-04-28T12:56:19","slug":"emirats-arabes-unis-le-reproche-adresse-aux-allies-arabes-apres-la-rupture-avec-lopep","status":"publish","type":"post","link":"https:\/\/afrikmatin.com\/?p=1516313","title":{"rendered":"\u00c9mirats arabes unis : le reproche adress\u00e9 aux alli\u00e9s arabes apr\u00e8s la rupture avec l\u2019OPEP"},"content":{"rendered":"<p>Les \u00c9mirats arabes unis ont annonc\u00e9 mardi leur retrait de l\u2019OPEP et de l\u2019OPEP+, dans un contexte de fortes tensions \u00e9nerg\u00e9tiques li\u00e9es \u00e0 la guerre impliquant l\u2019Iran. Cette d\u00e9cision intervient alors que le march\u00e9 p\u00e9trolier mondial reste perturb\u00e9 et que les exportations du Golfe sont affect\u00e9es par l\u2019ins\u00e9curit\u00e9 dans le d\u00e9troit d\u2019Ormuz. D\u2019apr\u00e8s Al Jazeera, [&#8230;] <\/p>\n","protected":false},"excerpt":{"rendered":"<p>Les \u00c9mirats arabes unis ont annonc\u00e9 mardi leur retrait de l\u2019OPEP et de l\u2019OPEP+, dans un contexte de fortes tensions \u00e9nerg\u00e9tiques li\u00e9es \u00e0 la guerre impliquant l\u2019Iran. Cette d\u00e9cision intervient alors que le march\u00e9 p\u00e9trolier mondial reste perturb\u00e9 et que les exportations du Golfe sont affect\u00e9es par l\u2019ins\u00e9curit\u00e9 dans le d\u00e9troit d\u2019Ormuz. D\u2019apr\u00e8s Al Jazeera, &hellip;<\/p>\n","protected":false},"author":1,"featured_media":0,"comment_status":"open","ping_status":"closed","sticky":false,"template":"","format":"standard","meta":{"footnotes":""},"categories":[3,7],"tags":[],"class_list":["post-1516313","post","type-post","status-publish","format-standard","hentry","category-actualites","category-international"],"_links":{"self":[{"href":"https:\/\/afrikmatin.com\/index.php?rest_route=\/wp\/v2\/posts\/1516313","targetHints":{"allow":["GET"]}}],"collection":[{"href":"https:\/\/afrikmatin.com\/index.php?rest_route=\/wp\/v2\/posts"}],"about":[{"href":"https:\/\/afrikmatin.com\/index.php?rest_route=\/wp\/v2\/types\/post"}],"author":[{"embeddable":true,"href":"https:\/\/afrikmatin.com\/index.php?rest_route=\/wp\/v2\/users\/1"}],"replies":[{"embeddable":true,"href":"https:\/\/afrikmatin.com\/index.php?rest_route=%2Fwp%2Fv2%2Fcomments&post=1516313"}],"version-history":[{"count":0,"href":"https:\/\/afrikmatin.com\/index.php?rest_route=\/wp\/v2\/posts\/1516313\/revisions"}],"wp:attachment":[{"href":"https:\/\/afrikmatin.com\/index.php?rest_route=%2Fwp%2Fv2%2Fmedia&parent=1516313"}],"wp:term":[{"taxonomy":"category","embeddable":true,"href":"https:\/\/afrikmatin.com\/index.php?rest_route=%2Fwp%2Fv2%2Fcategories&post=1516313"},{"taxonomy":"post_tag","embeddable":true,"href":"https:\/\/afrikmatin.com\/index.php?rest_route=%2Fwp%2Fv2%2Ftags&post=1516313"}],"curies":[{"name":"wp","href":"https:\/\/api.w.org\/{rel}","templated":true}]}}