{"id":1516314,"date":"2026-04-28T12:05:54","date_gmt":"2026-04-28T12:05:54","guid":{"rendered":"https:\/\/senego.com\/yemen-amnesty-reclame-une-enquete-sur-une-frappe-americaine-et-le-bilan-humain-avance_1954713.html"},"modified":"2026-04-28T12:05:54","modified_gmt":"2026-04-28T12:05:54","slug":"yemen-amnesty-reclame-une-enquete-sur-une-frappe-americaine-et-le-bilan-humain-avance","status":"publish","type":"post","link":"https:\/\/afrikmatin.com\/?p=1516314","title":{"rendered":"Y\u00e9men : Amnesty r\u00e9clame une enqu\u00eate sur une frappe am\u00e9ricaine et le bilan humain avanc\u00e9"},"content":{"rendered":"<p>Amnesty International demande l\u2019ouverture d\u2019une enqu\u00eate sur une frappe a\u00e9rienne am\u00e9ricaine men\u00e9e au Y\u00e9men contre un centre de d\u00e9tention pour migrants \u00e0 Saada, dans le nord-ouest du pays. L\u2019organisation de d\u00e9fense des droits humains affirme que cette attaque, survenue le 28 avril 2025, pourrait constituer un crime de guerre. Selon les informations rapport\u00e9es par Al [&#8230;] <\/p>\n","protected":false},"excerpt":{"rendered":"<p>Amnesty International demande l\u2019ouverture d\u2019une enqu\u00eate sur une frappe a\u00e9rienne am\u00e9ricaine men\u00e9e au Y\u00e9men contre un centre de d\u00e9tention pour migrants \u00e0 Saada, dans le nord-ouest du pays. L\u2019organisation de d\u00e9fense des droits humains affirme que cette attaque, survenue le 28 avril 2025, pourrait constituer un crime de guerre. Selon les informations rapport\u00e9es par Al &hellip;<\/p>\n","protected":false},"author":1,"featured_media":0,"comment_status":"open","ping_status":"closed","sticky":false,"template":"","format":"standard","meta":{"footnotes":""},"categories":[3,7,8],"tags":[],"class_list":["post-1516314","post","type-post","status-publish","format-standard","hentry","category-actualites","category-international","category-justice"],"_links":{"self":[{"href":"https:\/\/afrikmatin.com\/index.php?rest_route=\/wp\/v2\/posts\/1516314","targetHints":{"allow":["GET"]}}],"collection":[{"href":"https:\/\/afrikmatin.com\/index.php?rest_route=\/wp\/v2\/posts"}],"about":[{"href":"https:\/\/afrikmatin.com\/index.php?rest_route=\/wp\/v2\/types\/post"}],"author":[{"embeddable":true,"href":"https:\/\/afrikmatin.com\/index.php?rest_route=\/wp\/v2\/users\/1"}],"replies":[{"embeddable":true,"href":"https:\/\/afrikmatin.com\/index.php?rest_route=%2Fwp%2Fv2%2Fcomments&post=1516314"}],"version-history":[{"count":0,"href":"https:\/\/afrikmatin.com\/index.php?rest_route=\/wp\/v2\/posts\/1516314\/revisions"}],"wp:attachment":[{"href":"https:\/\/afrikmatin.com\/index.php?rest_route=%2Fwp%2Fv2%2Fmedia&parent=1516314"}],"wp:term":[{"taxonomy":"category","embeddable":true,"href":"https:\/\/afrikmatin.com\/index.php?rest_route=%2Fwp%2Fv2%2Fcategories&post=1516314"},{"taxonomy":"post_tag","embeddable":true,"href":"https:\/\/afrikmatin.com\/index.php?rest_route=%2Fwp%2Fv2%2Ftags&post=1516314"}],"curies":[{"name":"wp","href":"https:\/\/api.w.org\/{rel}","templated":true}]}}