{"id":1523465,"date":"2026-04-29T15:01:07","date_gmt":"2026-04-29T15:01:07","guid":{"rendered":"https:\/\/senego.com\/royaume-uni-apres-lattaque-au-couteau-de-golders-green-le-nombre-darrestations-liees-a-la-serie-dactes-antijuifs_1955222.html"},"modified":"2026-04-29T15:01:07","modified_gmt":"2026-04-29T15:01:07","slug":"royaume-uni-apres-lattaque-au-couteau-de-golders-green-le-nombre-darrestations-liees-a-la-serie-dactes-antijuifs","status":"publish","type":"post","link":"https:\/\/afrikmatin.com\/?p=1523465","title":{"rendered":"Royaume-Uni : apr\u00e8s l\u2019attaque au couteau de Golders Green, le nombre d\u2019arrestations li\u00e9es \u00e0 la s\u00e9rie d\u2019actes antijuifs"},"content":{"rendered":"<p>Deux personnes juives ont \u00e9t\u00e9 poignard\u00e9es dans le nord de Londres, au Royaume-Uni, dans un secteur marqu\u00e9 ces derni\u00e8res semaines par plusieurs attaques visant des sites de la communaut\u00e9 juive. Les faits se sont produits \u00e0 Golders Green, quartier connu pour abriter une importante population juive. D&#8217;apr\u00e8s Al Jazeera, la police britannique a arr\u00eat\u00e9 un [&#8230;] <\/p>\n","protected":false},"excerpt":{"rendered":"<p>Deux personnes juives ont \u00e9t\u00e9 poignard\u00e9es dans le nord de Londres, au Royaume-Uni, dans un secteur marqu\u00e9 ces derni\u00e8res semaines par plusieurs attaques visant des sites de la communaut\u00e9 juive. Les faits se sont produits \u00e0 Golders Green, quartier connu pour abriter une importante population juive. D&#8217;apr\u00e8s Al Jazeera, la police britannique a arr\u00eat\u00e9 un &hellip;<\/p>\n","protected":false},"author":1,"featured_media":0,"comment_status":"open","ping_status":"closed","sticky":false,"template":"","format":"standard","meta":{"footnotes":""},"categories":[3,6,7,12],"tags":[],"class_list":["post-1523465","post","type-post","status-publish","format-standard","hentry","category-actualites","category-faits-divers","category-international","category-societe"],"_links":{"self":[{"href":"https:\/\/afrikmatin.com\/index.php?rest_route=\/wp\/v2\/posts\/1523465","targetHints":{"allow":["GET"]}}],"collection":[{"href":"https:\/\/afrikmatin.com\/index.php?rest_route=\/wp\/v2\/posts"}],"about":[{"href":"https:\/\/afrikmatin.com\/index.php?rest_route=\/wp\/v2\/types\/post"}],"author":[{"embeddable":true,"href":"https:\/\/afrikmatin.com\/index.php?rest_route=\/wp\/v2\/users\/1"}],"replies":[{"embeddable":true,"href":"https:\/\/afrikmatin.com\/index.php?rest_route=%2Fwp%2Fv2%2Fcomments&post=1523465"}],"version-history":[{"count":0,"href":"https:\/\/afrikmatin.com\/index.php?rest_route=\/wp\/v2\/posts\/1523465\/revisions"}],"wp:attachment":[{"href":"https:\/\/afrikmatin.com\/index.php?rest_route=%2Fwp%2Fv2%2Fmedia&parent=1523465"}],"wp:term":[{"taxonomy":"category","embeddable":true,"href":"https:\/\/afrikmatin.com\/index.php?rest_route=%2Fwp%2Fv2%2Fcategories&post=1523465"},{"taxonomy":"post_tag","embeddable":true,"href":"https:\/\/afrikmatin.com\/index.php?rest_route=%2Fwp%2Fv2%2Ftags&post=1523465"}],"curies":[{"name":"wp","href":"https:\/\/api.w.org\/{rel}","templated":true}]}}