{"id":1523466,"date":"2026-04-29T14:56:23","date_gmt":"2026-04-29T14:56:23","guid":{"rendered":"https:\/\/senego.com\/iran-donald-trump-envisage-un-blocus-naval-dont-la-duree-maximale-a-ete-evoquee_1955217.html"},"modified":"2026-04-29T14:56:23","modified_gmt":"2026-04-29T14:56:23","slug":"iran-donald-trump-envisage-un-blocus-naval-dont-la-duree-maximale-a-ete-evoquee","status":"publish","type":"post","link":"https:\/\/afrikmatin.com\/?p=1523466","title":{"rendered":"Iran : Donald Trump envisage un blocus naval dont la dur\u00e9e maximale a \u00e9t\u00e9 \u00e9voqu\u00e9e"},"content":{"rendered":"<p>Les \u00c9tats-Unis envisagent de prolonger leur blocus naval contre l\u2019Iran pendant une p\u00e9riode suppl\u00e9mentaire, selon un responsable de la Maison Blanche cit\u00e9 mercredi. L\u2019information intervient au lendemain d\u2019une r\u00e9union tenue mardi entre le pr\u00e9sident Donald Trump et des dirigeants du secteur p\u00e9trolier. D\u2019apr\u00e8s Insider Paper, qui relaye des d\u00e9clarations d\u2019un responsable s\u2019exprimant sous couvert d\u2019anonymat, [&#8230;] <\/p>\n","protected":false},"excerpt":{"rendered":"<p>Les \u00c9tats-Unis envisagent de prolonger leur blocus naval contre l\u2019Iran pendant une p\u00e9riode suppl\u00e9mentaire, selon un responsable de la Maison Blanche cit\u00e9 mercredi. L\u2019information intervient au lendemain d\u2019une r\u00e9union tenue mardi entre le pr\u00e9sident Donald Trump et des dirigeants du secteur p\u00e9trolier. D\u2019apr\u00e8s Insider Paper, qui relaye des d\u00e9clarations d\u2019un responsable s\u2019exprimant sous couvert d\u2019anonymat, &hellip;<\/p>\n","protected":false},"author":1,"featured_media":0,"comment_status":"open","ping_status":"closed","sticky":false,"template":"","format":"standard","meta":{"footnotes":""},"categories":[3,7],"tags":[],"class_list":["post-1523466","post","type-post","status-publish","format-standard","hentry","category-actualites","category-international"],"_links":{"self":[{"href":"https:\/\/afrikmatin.com\/index.php?rest_route=\/wp\/v2\/posts\/1523466","targetHints":{"allow":["GET"]}}],"collection":[{"href":"https:\/\/afrikmatin.com\/index.php?rest_route=\/wp\/v2\/posts"}],"about":[{"href":"https:\/\/afrikmatin.com\/index.php?rest_route=\/wp\/v2\/types\/post"}],"author":[{"embeddable":true,"href":"https:\/\/afrikmatin.com\/index.php?rest_route=\/wp\/v2\/users\/1"}],"replies":[{"embeddable":true,"href":"https:\/\/afrikmatin.com\/index.php?rest_route=%2Fwp%2Fv2%2Fcomments&post=1523466"}],"version-history":[{"count":0,"href":"https:\/\/afrikmatin.com\/index.php?rest_route=\/wp\/v2\/posts\/1523466\/revisions"}],"wp:attachment":[{"href":"https:\/\/afrikmatin.com\/index.php?rest_route=%2Fwp%2Fv2%2Fmedia&parent=1523466"}],"wp:term":[{"taxonomy":"category","embeddable":true,"href":"https:\/\/afrikmatin.com\/index.php?rest_route=%2Fwp%2Fv2%2Fcategories&post=1523466"},{"taxonomy":"post_tag","embeddable":true,"href":"https:\/\/afrikmatin.com\/index.php?rest_route=%2Fwp%2Fv2%2Ftags&post=1523466"}],"curies":[{"name":"wp","href":"https:\/\/api.w.org\/{rel}","templated":true}]}}