{"id":1523467,"date":"2026-04-29T14:11:19","date_gmt":"2026-04-29T14:11:19","guid":{"rendered":"https:\/\/senego.com\/russie-et-bielorussie-en-boxe-mondiale-le-statut-exact-accorde-des-maintenant_1955204.html"},"modified":"2026-04-29T14:11:19","modified_gmt":"2026-04-29T14:11:19","slug":"russie-et-bielorussie-en-boxe-mondiale-le-statut-exact-accorde-des-maintenant","status":"publish","type":"post","link":"https:\/\/afrikmatin.com\/?p=1523467","title":{"rendered":"Russie et Bi\u00e9lorussie en boxe mondiale: le statut exact accord\u00e9 d\u00e8s maintenant"},"content":{"rendered":"<p>Les boxeurs de Russie et de Bi\u00e9lorussie pourront de nouveau participer aux comp\u00e9titions internationales organis\u00e9es par World Boxing, selon une d\u00e9cision annonc\u00e9e mardi par l\u2019instance. Le dispositif entre en application imm\u00e9diatement et concerne les athl\u00e8tes des deux pays dans un cadre d\u00e9sormais pr\u00e9cis\u00e9 par la f\u00e9d\u00e9ration. D\u2019apr\u00e8s Al Jazeera, World Boxing a indiqu\u00e9 dans un [&#8230;] <\/p>\n","protected":false},"excerpt":{"rendered":"<p>Les boxeurs de Russie et de Bi\u00e9lorussie pourront de nouveau participer aux comp\u00e9titions internationales organis\u00e9es par World Boxing, selon une d\u00e9cision annonc\u00e9e mardi par l\u2019instance. Le dispositif entre en application imm\u00e9diatement et concerne les athl\u00e8tes des deux pays dans un cadre d\u00e9sormais pr\u00e9cis\u00e9 par la f\u00e9d\u00e9ration. D\u2019apr\u00e8s Al Jazeera, World Boxing a indiqu\u00e9 dans un &hellip;<\/p>\n","protected":false},"author":1,"featured_media":0,"comment_status":"open","ping_status":"closed","sticky":false,"template":"","format":"standard","meta":{"footnotes":""},"categories":[3,7,13],"tags":[],"class_list":["post-1523467","post","type-post","status-publish","format-standard","hentry","category-actualites","category-international","category-sports"],"_links":{"self":[{"href":"https:\/\/afrikmatin.com\/index.php?rest_route=\/wp\/v2\/posts\/1523467","targetHints":{"allow":["GET"]}}],"collection":[{"href":"https:\/\/afrikmatin.com\/index.php?rest_route=\/wp\/v2\/posts"}],"about":[{"href":"https:\/\/afrikmatin.com\/index.php?rest_route=\/wp\/v2\/types\/post"}],"author":[{"embeddable":true,"href":"https:\/\/afrikmatin.com\/index.php?rest_route=\/wp\/v2\/users\/1"}],"replies":[{"embeddable":true,"href":"https:\/\/afrikmatin.com\/index.php?rest_route=%2Fwp%2Fv2%2Fcomments&post=1523467"}],"version-history":[{"count":0,"href":"https:\/\/afrikmatin.com\/index.php?rest_route=\/wp\/v2\/posts\/1523467\/revisions"}],"wp:attachment":[{"href":"https:\/\/afrikmatin.com\/index.php?rest_route=%2Fwp%2Fv2%2Fmedia&parent=1523467"}],"wp:term":[{"taxonomy":"category","embeddable":true,"href":"https:\/\/afrikmatin.com\/index.php?rest_route=%2Fwp%2Fv2%2Fcategories&post=1523467"},{"taxonomy":"post_tag","embeddable":true,"href":"https:\/\/afrikmatin.com\/index.php?rest_route=%2Fwp%2Fv2%2Ftags&post=1523467"}],"curies":[{"name":"wp","href":"https:\/\/api.w.org\/{rel}","templated":true}]}}