{"id":1523468,"date":"2026-04-29T13:45:49","date_gmt":"2026-04-29T13:45:49","guid":{"rendered":"https:\/\/senego.com\/martin-faye-en-turkiye-et-les-trois-axes-discutes-avec-la-gendarmerie-turque_1955194.html"},"modified":"2026-04-29T13:45:49","modified_gmt":"2026-04-29T13:45:49","slug":"martin-faye-en-turkiye-et-les-trois-axes-discutes-avec-la-gendarmerie-turque","status":"publish","type":"post","link":"https:\/\/afrikmatin.com\/?p=1523468","title":{"rendered":"Martin Faye en T\u00fcrkiye et les trois axes discut\u00e9s avec la gendarmerie turque"},"content":{"rendered":"<p>Le g\u00e9n\u00e9ral de division Martin Faye, Haut-commandant de la Gendarmerie nationale et directeur de la Justice militaire du S\u00e9n\u00e9gal, a effectu\u00e9 une visite officielle en T\u00fcrkiye du 20 au 24 avril 2026. Cette mission s\u2019inscrit dans le cadre du renforcement de la coop\u00e9ration entre les forces de gendarmerie s\u00e9n\u00e9galaise et turque. Selon les informations rapport\u00e9es [&#8230;] <\/p>\n","protected":false},"excerpt":{"rendered":"<p>Le g\u00e9n\u00e9ral de division Martin Faye, Haut-commandant de la Gendarmerie nationale et directeur de la Justice militaire du S\u00e9n\u00e9gal, a effectu\u00e9 une visite officielle en T\u00fcrkiye du 20 au 24 avril 2026. Cette mission s\u2019inscrit dans le cadre du renforcement de la coop\u00e9ration entre les forces de gendarmerie s\u00e9n\u00e9galaise et turque. Selon les informations rapport\u00e9es &hellip;<\/p>\n","protected":false},"author":1,"featured_media":0,"comment_status":"open","ping_status":"closed","sticky":false,"template":"","format":"standard","meta":{"footnotes":""},"categories":[3,7],"tags":[],"class_list":["post-1523468","post","type-post","status-publish","format-standard","hentry","category-actualites","category-international"],"_links":{"self":[{"href":"https:\/\/afrikmatin.com\/index.php?rest_route=\/wp\/v2\/posts\/1523468","targetHints":{"allow":["GET"]}}],"collection":[{"href":"https:\/\/afrikmatin.com\/index.php?rest_route=\/wp\/v2\/posts"}],"about":[{"href":"https:\/\/afrikmatin.com\/index.php?rest_route=\/wp\/v2\/types\/post"}],"author":[{"embeddable":true,"href":"https:\/\/afrikmatin.com\/index.php?rest_route=\/wp\/v2\/users\/1"}],"replies":[{"embeddable":true,"href":"https:\/\/afrikmatin.com\/index.php?rest_route=%2Fwp%2Fv2%2Fcomments&post=1523468"}],"version-history":[{"count":0,"href":"https:\/\/afrikmatin.com\/index.php?rest_route=\/wp\/v2\/posts\/1523468\/revisions"}],"wp:attachment":[{"href":"https:\/\/afrikmatin.com\/index.php?rest_route=%2Fwp%2Fv2%2Fmedia&parent=1523468"}],"wp:term":[{"taxonomy":"category","embeddable":true,"href":"https:\/\/afrikmatin.com\/index.php?rest_route=%2Fwp%2Fv2%2Fcategories&post=1523468"},{"taxonomy":"post_tag","embeddable":true,"href":"https:\/\/afrikmatin.com\/index.php?rest_route=%2Fwp%2Fv2%2Ftags&post=1523468"}],"curies":[{"name":"wp","href":"https:\/\/api.w.org\/{rel}","templated":true}]}}