{"id":1530721,"date":"2026-04-30T14:30:50","date_gmt":"2026-04-30T14:30:50","guid":{"rendered":"https:\/\/senego.com\/seattle-tacoma-apres-le-deces-de-seyni-thiam-linitiative-lancee-pour-sa-depouille_1955604.html"},"modified":"2026-04-30T14:30:50","modified_gmt":"2026-04-30T14:30:50","slug":"seattle-tacoma-apres-le-deces-de-seyni-thiam-linitiative-lancee-pour-sa-depouille","status":"publish","type":"post","link":"https:\/\/afrikmatin.com\/?p=1530721","title":{"rendered":"Seattle-Tacoma : apr\u00e8s le d\u00e9c\u00e8s de Seyni Thiam, l\u2019initiative lanc\u00e9e pour sa d\u00e9pouille"},"content":{"rendered":"<p>Un ressortissant s\u00e9n\u00e9galais vivant aux \u00c9tats-Unis est d\u00e9c\u00e9d\u00e9 le 28 avril apr\u00e8s un malaise survenu \u00e0 l\u2019a\u00e9roport international de Seattle-Tacoma, aux \u00c9tats-Unis. L\u2019homme, identifi\u00e9 comme Seyni Thiam, s\u2019\u00e9tait d\u00e9plac\u00e9 \u00e0 Seattle dans le cadre d\u2019une visite familiale. Selon les informations rapport\u00e9es par Kawtef, le d\u00e9c\u00e8s a \u00e9t\u00e9 relay\u00e9 par le m\u00e9dia gambien The Alkamba Times. [&#8230;] <\/p>\n","protected":false},"excerpt":{"rendered":"<p>Un ressortissant s\u00e9n\u00e9galais vivant aux \u00c9tats-Unis est d\u00e9c\u00e9d\u00e9 le 28 avril apr\u00e8s un malaise survenu \u00e0 l\u2019a\u00e9roport international de Seattle-Tacoma, aux \u00c9tats-Unis. L\u2019homme, identifi\u00e9 comme Seyni Thiam, s\u2019\u00e9tait d\u00e9plac\u00e9 \u00e0 Seattle dans le cadre d\u2019une visite familiale. Selon les informations rapport\u00e9es par Kawtef, le d\u00e9c\u00e8s a \u00e9t\u00e9 relay\u00e9 par le m\u00e9dia gambien The Alkamba Times. &hellip;<\/p>\n","protected":false},"author":1,"featured_media":0,"comment_status":"open","ping_status":"closed","sticky":false,"template":"","format":"standard","meta":{"footnotes":""},"categories":[3,7,12],"tags":[],"class_list":["post-1530721","post","type-post","status-publish","format-standard","hentry","category-actualites","category-international","category-societe"],"_links":{"self":[{"href":"https:\/\/afrikmatin.com\/index.php?rest_route=\/wp\/v2\/posts\/1530721","targetHints":{"allow":["GET"]}}],"collection":[{"href":"https:\/\/afrikmatin.com\/index.php?rest_route=\/wp\/v2\/posts"}],"about":[{"href":"https:\/\/afrikmatin.com\/index.php?rest_route=\/wp\/v2\/types\/post"}],"author":[{"embeddable":true,"href":"https:\/\/afrikmatin.com\/index.php?rest_route=\/wp\/v2\/users\/1"}],"replies":[{"embeddable":true,"href":"https:\/\/afrikmatin.com\/index.php?rest_route=%2Fwp%2Fv2%2Fcomments&post=1530721"}],"version-history":[{"count":0,"href":"https:\/\/afrikmatin.com\/index.php?rest_route=\/wp\/v2\/posts\/1530721\/revisions"}],"wp:attachment":[{"href":"https:\/\/afrikmatin.com\/index.php?rest_route=%2Fwp%2Fv2%2Fmedia&parent=1530721"}],"wp:term":[{"taxonomy":"category","embeddable":true,"href":"https:\/\/afrikmatin.com\/index.php?rest_route=%2Fwp%2Fv2%2Fcategories&post=1530721"},{"taxonomy":"post_tag","embeddable":true,"href":"https:\/\/afrikmatin.com\/index.php?rest_route=%2Fwp%2Fv2%2Ftags&post=1530721"}],"curies":[{"name":"wp","href":"https:\/\/api.w.org\/{rel}","templated":true}]}}