{"id":1530722,"date":"2026-04-30T13:50:49","date_gmt":"2026-04-30T13:50:49","guid":{"rendered":"https:\/\/senego.com\/mali-les-villes-que-le-fla-veut-encore-controler-apres-la-prise-de-kidal_1955599.html"},"modified":"2026-04-30T13:50:49","modified_gmt":"2026-04-30T13:50:49","slug":"mali-les-villes-que-le-fla-veut-encore-controler-apres-la-prise-de-kidal","status":"publish","type":"post","link":"https:\/\/afrikmatin.com\/?p=1530722","title":{"rendered":"Mali : les villes que le FLA veut encore contr\u00f4ler apr\u00e8s la prise de Kidal"},"content":{"rendered":"<p>La crise s\u00e9curitaire au Mali s\u2019est brusquement aggrav\u00e9e depuis samedi, apr\u00e8s des attaques coordonn\u00e9es men\u00e9es contre plusieurs bases militaires dans diff\u00e9rentes villes du pays. Le nord malien est de nouveau au centre des affrontements, tandis que la situation a aussi touch\u00e9 des zones o\u00f9 r\u00e9sident de hauts responsables de l\u2019\u00c9tat. D\u2019apr\u00e8s Al Jazeera, un groupe [&#8230;] <\/p>\n","protected":false},"excerpt":{"rendered":"<p>La crise s\u00e9curitaire au Mali s\u2019est brusquement aggrav\u00e9e depuis samedi, apr\u00e8s des attaques coordonn\u00e9es men\u00e9es contre plusieurs bases militaires dans diff\u00e9rentes villes du pays. Le nord malien est de nouveau au centre des affrontements, tandis que la situation a aussi touch\u00e9 des zones o\u00f9 r\u00e9sident de hauts responsables de l\u2019\u00c9tat. D\u2019apr\u00e8s Al Jazeera, un groupe &hellip;<\/p>\n","protected":false},"author":1,"featured_media":0,"comment_status":"open","ping_status":"closed","sticky":false,"template":"","format":"standard","meta":{"footnotes":""},"categories":[3,7,11],"tags":[],"class_list":["post-1530722","post","type-post","status-publish","format-standard","hentry","category-actualites","category-international","category-politique"],"_links":{"self":[{"href":"https:\/\/afrikmatin.com\/index.php?rest_route=\/wp\/v2\/posts\/1530722","targetHints":{"allow":["GET"]}}],"collection":[{"href":"https:\/\/afrikmatin.com\/index.php?rest_route=\/wp\/v2\/posts"}],"about":[{"href":"https:\/\/afrikmatin.com\/index.php?rest_route=\/wp\/v2\/types\/post"}],"author":[{"embeddable":true,"href":"https:\/\/afrikmatin.com\/index.php?rest_route=\/wp\/v2\/users\/1"}],"replies":[{"embeddable":true,"href":"https:\/\/afrikmatin.com\/index.php?rest_route=%2Fwp%2Fv2%2Fcomments&post=1530722"}],"version-history":[{"count":0,"href":"https:\/\/afrikmatin.com\/index.php?rest_route=\/wp\/v2\/posts\/1530722\/revisions"}],"wp:attachment":[{"href":"https:\/\/afrikmatin.com\/index.php?rest_route=%2Fwp%2Fv2%2Fmedia&parent=1530722"}],"wp:term":[{"taxonomy":"category","embeddable":true,"href":"https:\/\/afrikmatin.com\/index.php?rest_route=%2Fwp%2Fv2%2Fcategories&post=1530722"},{"taxonomy":"post_tag","embeddable":true,"href":"https:\/\/afrikmatin.com\/index.php?rest_route=%2Fwp%2Fv2%2Ftags&post=1530722"}],"curies":[{"name":"wp","href":"https:\/\/api.w.org\/{rel}","templated":true}]}}