{"id":1530723,"date":"2026-04-30T13:40:54","date_gmt":"2026-04-30T13:40:54","guid":{"rendered":"https:\/\/senego.com\/a-rabat-christopher-landau-salue-aussi-le-rang-exact-du-maroc-dans-les-accords-artemis_1955597.html"},"modified":"2026-04-30T13:40:54","modified_gmt":"2026-04-30T13:40:54","slug":"a-rabat-christopher-landau-salue-aussi-le-rang-exact-du-maroc-dans-les-accords-artemis","status":"publish","type":"post","link":"https:\/\/afrikmatin.com\/?p=1530723","title":{"rendered":"\u00c0 Rabat, Christopher Landau salue aussi le rang exact du Maroc dans les Accords Artemis"},"content":{"rendered":"<p>\u00c0 Rabat, ce mercredi, le secr\u00e9taire d\u2019\u00c9tat adjoint am\u00e9ricain Christopher Landau a multipli\u00e9 les d\u00e9clarations sur le partenariat entre le Maroc et les \u00c9tats-Unis, \u00e0 l\u2019issue d\u2019entretiens avec le ministre marocain des Affaires \u00e9trang\u00e8res, Nasser Bourita. Les \u00e9changes ont port\u00e9 sur plusieurs dossiers, dont le Sahara, la coop\u00e9ration \u00e9conomique et l\u2019exploration spatiale. Selon les informations [&#8230;] <\/p>\n","protected":false},"excerpt":{"rendered":"<p>\u00c0 Rabat, ce mercredi, le secr\u00e9taire d\u2019\u00c9tat adjoint am\u00e9ricain Christopher Landau a multipli\u00e9 les d\u00e9clarations sur le partenariat entre le Maroc et les \u00c9tats-Unis, \u00e0 l\u2019issue d\u2019entretiens avec le ministre marocain des Affaires \u00e9trang\u00e8res, Nasser Bourita. Les \u00e9changes ont port\u00e9 sur plusieurs dossiers, dont le Sahara, la coop\u00e9ration \u00e9conomique et l\u2019exploration spatiale. Selon les informations &hellip;<\/p>\n","protected":false},"author":1,"featured_media":0,"comment_status":"open","ping_status":"closed","sticky":false,"template":"","format":"standard","meta":{"footnotes":""},"categories":[3,7],"tags":[],"class_list":["post-1530723","post","type-post","status-publish","format-standard","hentry","category-actualites","category-international"],"_links":{"self":[{"href":"https:\/\/afrikmatin.com\/index.php?rest_route=\/wp\/v2\/posts\/1530723","targetHints":{"allow":["GET"]}}],"collection":[{"href":"https:\/\/afrikmatin.com\/index.php?rest_route=\/wp\/v2\/posts"}],"about":[{"href":"https:\/\/afrikmatin.com\/index.php?rest_route=\/wp\/v2\/types\/post"}],"author":[{"embeddable":true,"href":"https:\/\/afrikmatin.com\/index.php?rest_route=\/wp\/v2\/users\/1"}],"replies":[{"embeddable":true,"href":"https:\/\/afrikmatin.com\/index.php?rest_route=%2Fwp%2Fv2%2Fcomments&post=1530723"}],"version-history":[{"count":0,"href":"https:\/\/afrikmatin.com\/index.php?rest_route=\/wp\/v2\/posts\/1530723\/revisions"}],"wp:attachment":[{"href":"https:\/\/afrikmatin.com\/index.php?rest_route=%2Fwp%2Fv2%2Fmedia&parent=1530723"}],"wp:term":[{"taxonomy":"category","embeddable":true,"href":"https:\/\/afrikmatin.com\/index.php?rest_route=%2Fwp%2Fv2%2Fcategories&post=1530723"},{"taxonomy":"post_tag","embeddable":true,"href":"https:\/\/afrikmatin.com\/index.php?rest_route=%2Fwp%2Fv2%2Ftags&post=1530723"}],"curies":[{"name":"wp","href":"https:\/\/api.w.org\/{rel}","templated":true}]}}