{"id":1537925,"date":"2026-05-01T14:35:35","date_gmt":"2026-05-01T14:35:35","guid":{"rendered":"https:\/\/senego.com\/portugal-jose-mourinho-dement-tout-contact-avec-le-real-madrid-et-rappelle-la-duree-de-son-contrat_1955880.html"},"modified":"2026-05-01T14:35:35","modified_gmt":"2026-05-01T14:35:35","slug":"portugal-jose-mourinho-dement-tout-contact-avec-le-real-madrid-et-rappelle-la-duree-de-son-contrat","status":"publish","type":"post","link":"https:\/\/afrikmatin.com\/?p=1537925","title":{"rendered":"Portugal : Jos\u00e9 Mourinho d\u00e9ment tout contact avec le Real Madrid et rappelle la dur\u00e9e de son contrat"},"content":{"rendered":"<p>Au Portugal, l\u2019avenir de Jos\u00e9 Mourinho continue d\u2019alimenter les sp\u00e9culations autour du banc du Real Madrid. L\u2019entra\u00eeneur de Benfica a toutefois assur\u00e9 vendredi qu\u2019aucun \u00e9change n\u2019avait eu lieu avec le club espagnol, alors que son nom circule parmi les pistes \u00e9voqu\u00e9es pour un changement d\u2019entra\u00eeneur. Selon les informations rapport\u00e9es par Al Jazeera, le technicien portugais [&#8230;] <\/p>\n","protected":false},"excerpt":{"rendered":"<p>Au Portugal, l\u2019avenir de Jos\u00e9 Mourinho continue d\u2019alimenter les sp\u00e9culations autour du banc du Real Madrid. L\u2019entra\u00eeneur de Benfica a toutefois assur\u00e9 vendredi qu\u2019aucun \u00e9change n\u2019avait eu lieu avec le club espagnol, alors que son nom circule parmi les pistes \u00e9voqu\u00e9es pour un changement d\u2019entra\u00eeneur. Selon les informations rapport\u00e9es par Al Jazeera, le technicien portugais &hellip;<\/p>\n","protected":false},"author":1,"featured_media":0,"comment_status":"open","ping_status":"closed","sticky":false,"template":"","format":"standard","meta":{"footnotes":""},"categories":[3,7,13],"tags":[],"class_list":["post-1537925","post","type-post","status-publish","format-standard","hentry","category-actualites","category-international","category-sports"],"_links":{"self":[{"href":"https:\/\/afrikmatin.com\/index.php?rest_route=\/wp\/v2\/posts\/1537925","targetHints":{"allow":["GET"]}}],"collection":[{"href":"https:\/\/afrikmatin.com\/index.php?rest_route=\/wp\/v2\/posts"}],"about":[{"href":"https:\/\/afrikmatin.com\/index.php?rest_route=\/wp\/v2\/types\/post"}],"author":[{"embeddable":true,"href":"https:\/\/afrikmatin.com\/index.php?rest_route=\/wp\/v2\/users\/1"}],"replies":[{"embeddable":true,"href":"https:\/\/afrikmatin.com\/index.php?rest_route=%2Fwp%2Fv2%2Fcomments&post=1537925"}],"version-history":[{"count":0,"href":"https:\/\/afrikmatin.com\/index.php?rest_route=\/wp\/v2\/posts\/1537925\/revisions"}],"wp:attachment":[{"href":"https:\/\/afrikmatin.com\/index.php?rest_route=%2Fwp%2Fv2%2Fmedia&parent=1537925"}],"wp:term":[{"taxonomy":"category","embeddable":true,"href":"https:\/\/afrikmatin.com\/index.php?rest_route=%2Fwp%2Fv2%2Fcategories&post=1537925"},{"taxonomy":"post_tag","embeddable":true,"href":"https:\/\/afrikmatin.com\/index.php?rest_route=%2Fwp%2Fv2%2Ftags&post=1537925"}],"curies":[{"name":"wp","href":"https:\/\/api.w.org\/{rel}","templated":true}]}}