{"id":1537927,"date":"2026-05-01T12:55:42","date_gmt":"2026-05-01T12:55:42","guid":{"rendered":"https:\/\/senego.com\/israel-lage-du-suspect-arrete-apres-lagression-dune-religieuse-a-jerusalem_1955856.html"},"modified":"2026-05-01T12:55:42","modified_gmt":"2026-05-01T12:55:42","slug":"israel-lage-du-suspect-arrete-apres-lagression-dune-religieuse-a-jerusalem","status":"publish","type":"post","link":"https:\/\/afrikmatin.com\/?p=1537927","title":{"rendered":"Isra\u00ebl : l\u2019\u00e2ge du suspect arr\u00eat\u00e9 apr\u00e8s l\u2019agression d\u2019une religieuse \u00e0 J\u00e9rusalem"},"content":{"rendered":"<p>\u00c0 J\u00e9rusalem, en Isra\u00ebl, l\u2019\u00c9glise orthodoxe grecque a d\u00e9nonc\u00e9 une agression visant une religieuse plus t\u00f4t dans la semaine, sur fond de pr\u00e9occupations croissantes autour de la s\u00e9curit\u00e9 des communaut\u00e9s chr\u00e9tiennes dans la Ville sainte. Le patriarche et archev\u00eaque Atallah Hanna a \u00e9voqu\u00e9 une s\u00e9rie de violations touchant des institutions chr\u00e9tiennes dans la ville. D\u2019apr\u00e8s [&#8230;] <\/p>\n","protected":false},"excerpt":{"rendered":"<p>\u00c0 J\u00e9rusalem, en Isra\u00ebl, l\u2019\u00c9glise orthodoxe grecque a d\u00e9nonc\u00e9 une agression visant une religieuse plus t\u00f4t dans la semaine, sur fond de pr\u00e9occupations croissantes autour de la s\u00e9curit\u00e9 des communaut\u00e9s chr\u00e9tiennes dans la Ville sainte. Le patriarche et archev\u00eaque Atallah Hanna a \u00e9voqu\u00e9 une s\u00e9rie de violations touchant des institutions chr\u00e9tiennes dans la ville. D\u2019apr\u00e8s &hellip;<\/p>\n","protected":false},"author":1,"featured_media":0,"comment_status":"open","ping_status":"closed","sticky":false,"template":"","format":"standard","meta":{"footnotes":""},"categories":[3,7],"tags":[],"class_list":["post-1537927","post","type-post","status-publish","format-standard","hentry","category-actualites","category-international"],"_links":{"self":[{"href":"https:\/\/afrikmatin.com\/index.php?rest_route=\/wp\/v2\/posts\/1537927","targetHints":{"allow":["GET"]}}],"collection":[{"href":"https:\/\/afrikmatin.com\/index.php?rest_route=\/wp\/v2\/posts"}],"about":[{"href":"https:\/\/afrikmatin.com\/index.php?rest_route=\/wp\/v2\/types\/post"}],"author":[{"embeddable":true,"href":"https:\/\/afrikmatin.com\/index.php?rest_route=\/wp\/v2\/users\/1"}],"replies":[{"embeddable":true,"href":"https:\/\/afrikmatin.com\/index.php?rest_route=%2Fwp%2Fv2%2Fcomments&post=1537927"}],"version-history":[{"count":0,"href":"https:\/\/afrikmatin.com\/index.php?rest_route=\/wp\/v2\/posts\/1537927\/revisions"}],"wp:attachment":[{"href":"https:\/\/afrikmatin.com\/index.php?rest_route=%2Fwp%2Fv2%2Fmedia&parent=1537927"}],"wp:term":[{"taxonomy":"category","embeddable":true,"href":"https:\/\/afrikmatin.com\/index.php?rest_route=%2Fwp%2Fv2%2Fcategories&post=1537927"},{"taxonomy":"post_tag","embeddable":true,"href":"https:\/\/afrikmatin.com\/index.php?rest_route=%2Fwp%2Fv2%2Ftags&post=1537927"}],"curies":[{"name":"wp","href":"https:\/\/api.w.org\/{rel}","templated":true}]}}