{"id":16511,"date":"2025-03-17T11:11:52","date_gmt":"2025-03-17T11:11:52","guid":{"rendered":"http:\/\/fr.africanews.com\/2025\/03\/17\/usa-des-migrants-venezueliens-expulses-malgre-linterdiction-judiciaire\/"},"modified":"2025-03-17T11:11:52","modified_gmt":"2025-03-17T11:11:52","slug":"usa-des-migrants-venezueliens-expulses-malgre-linterdiction-judiciaire","status":"publish","type":"post","link":"https:\/\/afrikmatin.com\/?p=16511","title":{"rendered":"USA : des migrants v\u00e9n\u00e9zu\u00e9liens expuls\u00e9s malgr\u00e9 l&rsquo;interdiction judiciaire"},"content":{"rendered":"<div><img decoding=\"async\" src=\"https:\/\/afrikmatin.com\/wp-content\/uploads\/2025\/03\/usa-des-migrants-venezueliens-expulses-malgre-linterdiction-judiciaire.jpg\" class=\"ff-og-image-inserted\"><\/div>\n<p><strong>Malgr\u00e9 une d\u00e9cision de justice suspendant temporairement les expulsions, les autorit\u00e9s am\u00e9ricaines ont transf\u00e9r\u00e9 plusieurs centaines de migrants v\u00e9n\u00e9zu\u00e9liens vers le Salvador. Une op\u00e9ration qui s\u2019inscrit dans une politique migratoire de plus en plus externalis\u00e9e.<\/strong><\/p>\n<p>Dimanche, un vol affr\u00e9t\u00e9 par les autorit\u00e9s am\u00e9ricaines a atterri au Salvador avec \u00e0 son bord plusieurs centaines de migrants v\u00e9n\u00e9zu\u00e9liens expuls\u00e9s des \u00c9tats-Unis. Cette op\u00e9ration a \u00e9t\u00e9 men\u00e9e en d\u00e9pit d\u2019une <strong>ordonnance f\u00e9d\u00e9rale<\/strong> \u00e9mise la veille, suspendant temporairement les renvois. Washington a justifi\u00e9 ce transfert par l\u2019impossibilit\u00e9 d\u2019arr\u00eater des vols d\u00e9j\u00e0 programm\u00e9s.<\/p>\n<p>Les autorit\u00e9s am\u00e9ricaines affirment que les migrants renvoy\u00e9s sont affili\u00e9s au <strong>Tren de Aragua<\/strong>, un gang criminel v\u00e9n\u00e9zu\u00e9lien op\u00e9rant en Am\u00e9rique latine. Pourtant, aucune preuve tangible de leur appartenance \u00e0 cette organisation n\u2019a \u00e9t\u00e9 rendue publique. Ces expulsions massives rappellent celles men\u00e9es contre les <strong>migrants ha\u00eftiens<\/strong> depuis 2021, o\u00f9 des milliers de personnes ont \u00e9t\u00e9 refoul\u00e9es sans v\u00e9ritable possibilit\u00e9 de d\u00e9poser une demande d\u2019asile.<\/p>\n<h3><strong>Le Salvador, nouvelle destination des expuls\u00e9s<\/strong><\/h3>\n<p>\u00c0 leur arriv\u00e9e, les migrants v\u00e9n\u00e9zu\u00e9liens ont \u00e9t\u00e9 imm\u00e9diatement conduits au <strong>CECOT<\/strong>, la plus grande prison d\u2019Am\u00e9rique latine, sous la surveillance de forces de s\u00e9curit\u00e9 en tenue anti-\u00e9meute. Ce centre p\u00e9nitentiaire ultra-s\u00e9curis\u00e9 est devenu un outil central de la politique r\u00e9pressive du pr\u00e9sident salvadorien Nayib Bukele.<\/p>\n<p>Ce transfert s\u2019inscrit dans un <strong>accord sign\u00e9 en f\u00e9vrier 2024<\/strong> entre Washington et San Salvador, visant \u00e0 d\u00e9l\u00e9guer la gestion des migrants jug\u00e9s ind\u00e9sirables. En contrepartie, le Salvador re\u00e7oit un soutien financier de la part des \u00c9tats-Unis.<\/p>\n<h3><strong>Une politique migratoire externalis\u00e9e<\/strong><\/h3>\n<p>Depuis plusieurs ann\u00e9es, les \u00c9tats-Unis multiplient les accords avec des pays tiers pour <strong>sous-traiter la gestion des migrants<\/strong>. En plus du Salvador, des expulsions similaires ont cibl\u00e9 le Mexique et d\u2019autres \u00c9tats d\u2019Am\u00e9rique latine.<\/p>\n<p>Cette strat\u00e9gie permet \u00e0 Washington de r\u00e9duire la pression migratoire sur son territoire tout en \u00e9vitant d\u2019avoir \u00e0 traiter certaines demandes d\u2019asile. Une approche qui soul\u00e8ve de nombreuses critiques, notamment en raison du <strong>risque de violations des droits humains<\/strong> et du manque de garanties pour les expuls\u00e9s.<\/p>\n<p>En poursuivant ces expulsions malgr\u00e9 une interdiction judiciaire, l\u2019administration am\u00e9ricaine confirme un <strong>durcissement de sa politique migratoire.<\/strong><\/p>\n","protected":false},"excerpt":{"rendered":"<p>Malgr\u00e9 une d\u00e9cision de justice suspendant temporairement les expulsions, les autorit\u00e9s am\u00e9ricaines ont transf\u00e9r\u00e9 plusieurs centaines de migrants v\u00e9n\u00e9zu\u00e9liens vers le Salvador. Une op\u00e9ration qui s\u2019inscrit dans une politique migratoire de plus en plus externalis\u00e9e. Dimanche, un vol affr\u00e9t\u00e9 par les autorit\u00e9s am\u00e9ricaines a atterri au Salvador avec \u00e0 son bord plusieurs centaines de migrants &hellip;<\/p>\n","protected":false},"author":1,"featured_media":16512,"comment_status":"open","ping_status":"closed","sticky":false,"template":"","format":"standard","meta":{"footnotes":""},"categories":[2,3],"tags":[],"class_list":["post-16511","post","type-post","status-publish","format-standard","has-post-thumbnail","hentry","category-a-la-une","category-actualites"],"_links":{"self":[{"href":"https:\/\/afrikmatin.com\/index.php?rest_route=\/wp\/v2\/posts\/16511","targetHints":{"allow":["GET"]}}],"collection":[{"href":"https:\/\/afrikmatin.com\/index.php?rest_route=\/wp\/v2\/posts"}],"about":[{"href":"https:\/\/afrikmatin.com\/index.php?rest_route=\/wp\/v2\/types\/post"}],"author":[{"embeddable":true,"href":"https:\/\/afrikmatin.com\/index.php?rest_route=\/wp\/v2\/users\/1"}],"replies":[{"embeddable":true,"href":"https:\/\/afrikmatin.com\/index.php?rest_route=%2Fwp%2Fv2%2Fcomments&post=16511"}],"version-history":[{"count":0,"href":"https:\/\/afrikmatin.com\/index.php?rest_route=\/wp\/v2\/posts\/16511\/revisions"}],"wp:featuredmedia":[{"embeddable":true,"href":"https:\/\/afrikmatin.com\/index.php?rest_route=\/wp\/v2\/media\/16512"}],"wp:attachment":[{"href":"https:\/\/afrikmatin.com\/index.php?rest_route=%2Fwp%2Fv2%2Fmedia&parent=16511"}],"wp:term":[{"taxonomy":"category","embeddable":true,"href":"https:\/\/afrikmatin.com\/index.php?rest_route=%2Fwp%2Fv2%2Fcategories&post=16511"},{"taxonomy":"post_tag","embeddable":true,"href":"https:\/\/afrikmatin.com\/index.php?rest_route=%2Fwp%2Fv2%2Ftags&post=16511"}],"curies":[{"name":"wp","href":"https:\/\/api.w.org\/{rel}","templated":true}]}}