{"id":18217,"date":"2025-04-18T08:05:56","date_gmt":"2025-04-18T08:05:56","guid":{"rendered":"http:\/\/fr.africanews.com\/2025\/04\/18\/rdc-les-etats-unis-accentuent-la-pression-sur-kigali\/"},"modified":"2025-04-18T08:05:56","modified_gmt":"2025-04-18T08:05:56","slug":"rdc-les-etats-unis-accentuent-la-pression-sur-kigali","status":"publish","type":"post","link":"https:\/\/afrikmatin.com\/?p=18217","title":{"rendered":"RDC : les \u00c9tats-Unis accentuent la pression sur Kigali"},"content":{"rendered":"<div><img decoding=\"async\" src=\"https:\/\/afrikmatin.com\/wp-content\/uploads\/2025\/04\/rdc-les-etats-unis-accentuent-la-pression-sur-kigali.jpg\" class=\"ff-og-image-inserted\"><\/div>\n<p><strong>Apr\u00e8s plusieurs semaines de sp\u00e9culations diplomatiques, les \u00c9tats-Unis et la R\u00e9publique d\u00e9mocratique du Congo semblent sur le point de conclure un accord strat\u00e9gique combinant soutien politique au processus de paix dans l\u2019est du pays et investissements \u00e9conomiques cibl\u00e9s, notamment dans le secteur des min\u00e9raux strat\u00e9giques.<\/strong><\/p>\n<p>De retour d\u2019une visite en RDC et au Rwanda, Massad Boulos, conseiller sp\u00e9cial du pr\u00e9sident Trump pour l\u2019Afrique, a r\u00e9affirm\u00e9 la volont\u00e9 des \u00c9tats-Unis de s\u2019engager durablement dans la r\u00e9gion.<\/p>\n<p><em>\u00ab\u00a0Stimuler les investissements du secteur priv\u00e9 am\u00e9ricain en RDC, en particulier dans le secteur minier, est un objectif commun qui rend nos deux pays plus prosp\u00e8res. Bien s\u00fbr, nous avons besoin d\u2019un environnement plus stable pour atteindre ce but, et le pr\u00e9sident Tshisekedi est lui aussi acquis \u00e0 cet objectif,\u00a0\u00bb a d\u00e9clar\u00e9 M. Boulos \u00e0 Kinshasa.<\/em><\/p>\n<p>C\u2019est dans cette logique que Washington a clairement exprim\u00e9 ses attentes envers le Rwanda, en l\u2019exhortant \u00e0 retirer ses troupes de l\u2019est de la RDC et \u00e0 cesser tout soutien militaire au groupe arm\u00e9 M23.<\/p>\n<p>Un message direct, alors que Kigali continue de nier toute implication, malgr\u00e9 des rapports r\u00e9p\u00e9t\u00e9s d&rsquo;experts des Nations Unies confirmant un appui logistique et militaire du Rwanda \u00e0 cette r\u00e9bellion active dans les provinces du Nord-Kivu, du Sud-Kivu et de l\u2019Ituri.<\/p>\n<p>Sur le terrain, les efforts diplomatiques se poursuivent. Un nouveau m\u00e9diateur de l\u2019Union africaine, le pr\u00e9sident togolais Faure Gnassingb\u00e9, a officiellement pris ses fonctions. Il est d\u00e9sormais charg\u00e9 de relancer un processus de paix fragile, mis \u00e0 mal par trois d\u00e9cennies de conflits r\u00e9currents dans l\u2019est de la RDC.<\/p>\n","protected":false},"excerpt":{"rendered":"<p>Apr\u00e8s plusieurs semaines de sp\u00e9culations diplomatiques, les \u00c9tats-Unis et la R\u00e9publique d\u00e9mocratique du Congo semblent sur le point de conclure un accord strat\u00e9gique combinant soutien politique au processus de paix dans l\u2019est du pays et investissements \u00e9conomiques cibl\u00e9s, notamment dans le secteur des min\u00e9raux strat\u00e9giques. De retour d\u2019une visite en RDC et au Rwanda, Massad &hellip;<\/p>\n","protected":false},"author":1,"featured_media":18218,"comment_status":"open","ping_status":"closed","sticky":false,"template":"","format":"standard","meta":{"footnotes":""},"categories":[2,3],"tags":[],"class_list":["post-18217","post","type-post","status-publish","format-standard","has-post-thumbnail","hentry","category-a-la-une","category-actualites"],"_links":{"self":[{"href":"https:\/\/afrikmatin.com\/index.php?rest_route=\/wp\/v2\/posts\/18217","targetHints":{"allow":["GET"]}}],"collection":[{"href":"https:\/\/afrikmatin.com\/index.php?rest_route=\/wp\/v2\/posts"}],"about":[{"href":"https:\/\/afrikmatin.com\/index.php?rest_route=\/wp\/v2\/types\/post"}],"author":[{"embeddable":true,"href":"https:\/\/afrikmatin.com\/index.php?rest_route=\/wp\/v2\/users\/1"}],"replies":[{"embeddable":true,"href":"https:\/\/afrikmatin.com\/index.php?rest_route=%2Fwp%2Fv2%2Fcomments&post=18217"}],"version-history":[{"count":0,"href":"https:\/\/afrikmatin.com\/index.php?rest_route=\/wp\/v2\/posts\/18217\/revisions"}],"wp:featuredmedia":[{"embeddable":true,"href":"https:\/\/afrikmatin.com\/index.php?rest_route=\/wp\/v2\/media\/18218"}],"wp:attachment":[{"href":"https:\/\/afrikmatin.com\/index.php?rest_route=%2Fwp%2Fv2%2Fmedia&parent=18217"}],"wp:term":[{"taxonomy":"category","embeddable":true,"href":"https:\/\/afrikmatin.com\/index.php?rest_route=%2Fwp%2Fv2%2Fcategories&post=18217"},{"taxonomy":"post_tag","embeddable":true,"href":"https:\/\/afrikmatin.com\/index.php?rest_route=%2Fwp%2Fv2%2Ftags&post=18217"}],"curies":[{"name":"wp","href":"https:\/\/api.w.org\/{rel}","templated":true}]}}