{"id":19003,"date":"2025-05-05T07:47:51","date_gmt":"2025-05-05T07:47:51","guid":{"rendered":"http:\/\/fr.africanews.com\/2025\/05\/05\/une-sud-africaine-reconnue-coupable-de-la-vente-de-sa-fille-de-6-ans\/"},"modified":"2025-05-05T07:47:51","modified_gmt":"2025-05-05T07:47:51","slug":"une-sud-africaine-reconnue-coupable-de-la-vente-de-sa-fille-de-6-ans","status":"publish","type":"post","link":"https:\/\/afrikmatin.com\/?p=19003","title":{"rendered":"Une Sud-Africaine reconnue coupable de la vente de sa fille de 6 ans"},"content":{"rendered":"<div><img decoding=\"async\" src=\"https:\/\/afrikmatin.com\/wp-content\/uploads\/2025\/05\/une-sud-africaine-reconnue-coupable-de-la-vente-de-sa-fille-de-6-ans.jpg\" class=\"ff-og-image-inserted\"><\/div>\n<p><strong>Une Sud-Africaine a \u00e9t\u00e9 reconnue coupable vendredi d&rsquo;enl\u00e8vement et de vente de sa fille de 6 ans dans une affaire qui a horrifi\u00e9 le pays. La fillette avait disparu il y a plus d&rsquo;un an et n&rsquo;a toujours pas \u00e9t\u00e9 retrouv\u00e9e.<\/strong><\/p>\n<p>Kelly Smith et deux hommes \u2013 son petit ami et leur ami \u2013 ont \u00e9t\u00e9 reconnus coupables d&rsquo;enl\u00e8vement et de traite d&rsquo;\u00eatres humains pour la disparition de Joshlin, la fille de Smith, \u00e2g\u00e9e de 6 ans lors de sa disparition en f\u00e9vrier 2024.<\/p>\n<p>Smith \u2013 de son nom complet Racquel Chantel Smith \u2013 \u00e9tait initialement une figure de sympathie lorsque sa fille a disparu. Des membres de la communaut\u00e9 se sont mobilis\u00e9s autour d&rsquo;elle et se sont port\u00e9s volontaires pour aider la police \u00e0 retrouver Joshlin dans les dunes de sable pr\u00e8s de leur quartier pauvre de cabanes, pr\u00e8s de la ville c\u00f4ti\u00e8re de Saldanha Bay, \u00e0 environ 120 kilom\u00e8tres au nord du Cap.<\/p>\n<p>Une photo de Joshlin souriante et les cheveux attach\u00e9s en couettes a \u00e9t\u00e9 diffus\u00e9e par les cha\u00eenes d&rsquo;information de toute l&rsquo;Afrique du Sud, tandis que la police lan\u00e7ait une chasse \u00e0 l&rsquo;homme \u00e0 l&rsquo;\u00e9chelle nationale.<\/p>\n<p>Smith a d\u00e9clar\u00e9 avoir laiss\u00e9 Joshlin avec son petit ami le jour de sa disparition, mais l&rsquo;affaire a pris une tournure inattendue lors de son arrestation.<\/p>\n<p>Une femme a t\u00e9moign\u00e9 lors du proc\u00e8s que Smith lui avait confi\u00e9 qu&rsquo;elle et les deux hommes avaient vendu Joshlin pour environ 1&nbsp;000 dollars \u00e0 un gu\u00e9risseur traditionnel qui voulait l&rsquo;enfant pour des parties de son corps. Le verdict du juge n&rsquo;a pas permis de d\u00e9terminer \u00e0 qui l&rsquo;enfant a \u00e9t\u00e9 vendue ni ce qui lui est arriv\u00e9 exactement.<\/p>\n<p>Smith, son petit ami Jacquin Appollis et leur ami Steveno van Rhyn risquent la prison \u00e0 vie et le juge a annonc\u00e9 que les audiences de d\u00e9termination de la peine commenceraient la semaine prochaine.<\/p>\n<p>Les personnes pr\u00e9sentes au proc\u00e8s ont applaudi et acclam\u00e9 la lecture des verdicts de culpabilit\u00e9 par le juge Nathan Erasmus. Le proc\u00e8s s&rsquo;est tenu dans un centre sportif de la baie de Saldanha, plus spacieux qu&rsquo;une salle d&rsquo;audience, afin que la communaut\u00e9 puisse y assister.<\/p>\n","protected":false},"excerpt":{"rendered":"<p>Une Sud-Africaine a \u00e9t\u00e9 reconnue coupable vendredi d&rsquo;enl\u00e8vement et de vente de sa fille de 6 ans dans une affaire qui a horrifi\u00e9 le pays. La fillette avait disparu il y a plus d&rsquo;un an et n&rsquo;a toujours pas \u00e9t\u00e9 retrouv\u00e9e. Kelly Smith et deux hommes \u2013 son petit ami et leur ami \u2013 ont &hellip;<\/p>\n","protected":false},"author":1,"featured_media":19005,"comment_status":"open","ping_status":"closed","sticky":false,"template":"","format":"standard","meta":{"footnotes":""},"categories":[2,3],"tags":[],"class_list":["post-19003","post","type-post","status-publish","format-standard","has-post-thumbnail","hentry","category-a-la-une","category-actualites"],"_links":{"self":[{"href":"https:\/\/afrikmatin.com\/index.php?rest_route=\/wp\/v2\/posts\/19003","targetHints":{"allow":["GET"]}}],"collection":[{"href":"https:\/\/afrikmatin.com\/index.php?rest_route=\/wp\/v2\/posts"}],"about":[{"href":"https:\/\/afrikmatin.com\/index.php?rest_route=\/wp\/v2\/types\/post"}],"author":[{"embeddable":true,"href":"https:\/\/afrikmatin.com\/index.php?rest_route=\/wp\/v2\/users\/1"}],"replies":[{"embeddable":true,"href":"https:\/\/afrikmatin.com\/index.php?rest_route=%2Fwp%2Fv2%2Fcomments&post=19003"}],"version-history":[{"count":0,"href":"https:\/\/afrikmatin.com\/index.php?rest_route=\/wp\/v2\/posts\/19003\/revisions"}],"wp:featuredmedia":[{"embeddable":true,"href":"https:\/\/afrikmatin.com\/index.php?rest_route=\/wp\/v2\/media\/19005"}],"wp:attachment":[{"href":"https:\/\/afrikmatin.com\/index.php?rest_route=%2Fwp%2Fv2%2Fmedia&parent=19003"}],"wp:term":[{"taxonomy":"category","embeddable":true,"href":"https:\/\/afrikmatin.com\/index.php?rest_route=%2Fwp%2Fv2%2Fcategories&post=19003"},{"taxonomy":"post_tag","embeddable":true,"href":"https:\/\/afrikmatin.com\/index.php?rest_route=%2Fwp%2Fv2%2Ftags&post=19003"}],"curies":[{"name":"wp","href":"https:\/\/api.w.org\/{rel}","templated":true}]}}