{"id":19392,"date":"2025-05-12T13:23:53","date_gmt":"2025-05-12T13:23:53","guid":{"rendered":"http:\/\/fr.africanews.com\/2025\/05\/12\/le-pkk-se-dissout-et-depose-les-armes-un-tournant-pour-la-cause-kurde\/"},"modified":"2025-05-12T13:23:53","modified_gmt":"2025-05-12T13:23:53","slug":"le-pkk-se-dissout-et-depose-les-armes-un-tournant-pour-la-cause-kurde","status":"publish","type":"post","link":"https:\/\/afrikmatin.com\/?p=19392","title":{"rendered":"Le PKK se dissout et d\u00e9pose les armes : un tournant pour la cause kurde"},"content":{"rendered":"<div><img decoding=\"async\" src=\"https:\/\/afrikmatin.com\/wp-content\/uploads\/2025\/05\/le-pkk-se-dissout-et-depose-les-armes-un-tournant-pour-la-cause-kurde.jpg\" class=\"ff-og-image-inserted\"><\/div>\n<p><strong>Le Parti des travailleurs du Kurdistan (PKK) a annonc\u00e9 ce lundi la fin de sa lutte arm\u00e9e et la dissolution de son organisation, apr\u00e8s plus de quarante ans de conflit avec l\u2019\u00c9tat turc.<\/strong> <\/p>\n<p>Cette d\u00e9claration, relay\u00e9e par l&rsquo;agence Firat, fait suite \u00e0 un congr\u00e8s du mouvement organis\u00e9 dans le nord de l&rsquo;Irak.<\/p>\n<p>Cette d\u00e9cision historique intervient apr\u00e8s l&rsquo;appel lanc\u00e9 par Abdullah \u00d6calan, leader embl\u00e9matique du PKK, d\u00e9tenu depuis 1999 sur l&rsquo;\u00eele d&rsquo;Imrali. Le 27 f\u00e9vrier, ce dernier avait appel\u00e9 son mouvement \u00e0 d\u00e9poser les armes et \u00e0 mettre un terme \u00e0 une gu\u00e9rilla qui a co\u00fbt\u00e9 la vie \u00e0 plus de 40 000 personnes.<\/p>\n<p>La derni\u00e8re initiative en faveur de la paix remonte \u00e0 octobre, lorsqu&rsquo;un des partenaires de coalition du pr\u00e9sident Erdogan, Devlet Bahceli, homme politique d&rsquo;extr\u00eame droite, a sugg\u00e9r\u00e9 qu&rsquo;\u00d6calan pourrait b\u00e9n\u00e9ficier d&rsquo;une lib\u00e9ration conditionnelle si son groupe renon\u00e7ait \u00e0 la violence et se dissolvait.<\/p>\n<p>Le PKK estime avoir men\u00e9 la cause kurde jusqu&rsquo;au seuil d&rsquo;une r\u00e9solution d\u00e9mocratique et consid\u00e8re sa mission comme accomplie. Un cessez-le-feu unilat\u00e9ral a \u00e9t\u00e9 proclam\u00e9 le 1er mars, sous r\u00e9serve de garanties pour un cadre de n\u00e9gociation.<\/p>\n<p>Cependant, bien que le PKK renonce \u00e0 la lutte arm\u00e9e, de nombreux enjeux demeurent : la reconnaissance des droits des Kurdes, la r\u00e9int\u00e9gration des anciens combattants et l&rsquo;avenir d&rsquo;\u00d6calan lui-m\u00eame. Si la guerre semble d\u00e9sormais termin\u00e9e, la paix reste encore \u00e0 construire.<\/p>\n<p>Cette annonce intervient dans un contexte r\u00e9gional complexe, marqu\u00e9 par des tensions persistantes au Moyen-Orient et des pressions croissantes sur d&rsquo;autres groupes arm\u00e9s tels que le Hezbollah.<\/p>\n","protected":false},"excerpt":{"rendered":"<p>Le Parti des travailleurs du Kurdistan (PKK) a annonc\u00e9 ce lundi la fin de sa lutte arm\u00e9e et la dissolution de son organisation, apr\u00e8s plus de quarante ans de conflit avec l\u2019\u00c9tat turc. Cette d\u00e9claration, relay\u00e9e par l&rsquo;agence Firat, fait suite \u00e0 un congr\u00e8s du mouvement organis\u00e9 dans le nord de l&rsquo;Irak. Cette d\u00e9cision historique &hellip;<\/p>\n","protected":false},"author":1,"featured_media":19394,"comment_status":"open","ping_status":"closed","sticky":false,"template":"","format":"standard","meta":{"footnotes":""},"categories":[2,3],"tags":[],"class_list":["post-19392","post","type-post","status-publish","format-standard","has-post-thumbnail","hentry","category-a-la-une","category-actualites"],"_links":{"self":[{"href":"https:\/\/afrikmatin.com\/index.php?rest_route=\/wp\/v2\/posts\/19392","targetHints":{"allow":["GET"]}}],"collection":[{"href":"https:\/\/afrikmatin.com\/index.php?rest_route=\/wp\/v2\/posts"}],"about":[{"href":"https:\/\/afrikmatin.com\/index.php?rest_route=\/wp\/v2\/types\/post"}],"author":[{"embeddable":true,"href":"https:\/\/afrikmatin.com\/index.php?rest_route=\/wp\/v2\/users\/1"}],"replies":[{"embeddable":true,"href":"https:\/\/afrikmatin.com\/index.php?rest_route=%2Fwp%2Fv2%2Fcomments&post=19392"}],"version-history":[{"count":0,"href":"https:\/\/afrikmatin.com\/index.php?rest_route=\/wp\/v2\/posts\/19392\/revisions"}],"wp:featuredmedia":[{"embeddable":true,"href":"https:\/\/afrikmatin.com\/index.php?rest_route=\/wp\/v2\/media\/19394"}],"wp:attachment":[{"href":"https:\/\/afrikmatin.com\/index.php?rest_route=%2Fwp%2Fv2%2Fmedia&parent=19392"}],"wp:term":[{"taxonomy":"category","embeddable":true,"href":"https:\/\/afrikmatin.com\/index.php?rest_route=%2Fwp%2Fv2%2Fcategories&post=19392"},{"taxonomy":"post_tag","embeddable":true,"href":"https:\/\/afrikmatin.com\/index.php?rest_route=%2Fwp%2Fv2%2Ftags&post=19392"}],"curies":[{"name":"wp","href":"https:\/\/api.w.org\/{rel}","templated":true}]}}