{"id":20338,"date":"2025-05-24T23:04:21","date_gmt":"2025-05-24T23:04:21","guid":{"rendered":"https:\/\/senego.com\/?p=1841244"},"modified":"2025-05-24T23:04:21","modified_gmt":"2025-05-24T23:04:21","slug":"rdc-joseph-kabila-sort-de-son-silence-et-accuse-le-pouvoir-en-place-davoir-dilapide-lheritage","status":"publish","type":"post","link":"https:\/\/afrikmatin.com\/?p=20338","title":{"rendered":"RDC : Joseph Kabila sort de son silence et accuse le pouvoir en place d\u2019avoir \u00ab dilapid\u00e9 \u00bb l\u2019h\u00e9ritage\u2026"},"content":{"rendered":"<div><img decoding=\"async\" src=\"https:\/\/afrikmatin.com\/wp-content\/uploads\/2025\/05\/rdc-joseph-kabila-sort-de-son-silence-et-accuse-le-pouvoir-en-place-davoir-dilapide-lheritage.jpg\" class=\"ff-og-image-inserted\"><\/div>\n<p><strong>L\u2019ancien pr\u00e9sident de la R\u00e9publique d\u00e9mocratique du Congo (RDC), Joseph Kabila, est sorti vendredi de son silence, six ans apr\u00e8s avoir quitt\u00e9 le pouvoir, pour d\u00e9noncer la \u201cd\u00e9rive dictatoriale\u201d du pouvoir en place et appeler \u00e0 un \u201csursaut patriotique\u201d afin de sortir le pays de la \u201ccrise multidimensionnelle\u201d qu\u2019il traverse.<\/strong><\/p>\n<p>Dans un discours solennel \u00e0 la nation enregistr\u00e9 depuis l\u2019\u00e9tranger et diffus\u00e9 sur internet, Kabila a affirm\u00e9 que la RDC est aujourd\u2019hui un \u201c\u00c9tat failli\u201d, victime d\u2019une gouvernance caract\u00e9ris\u00e9e par \u201cle populisme, la d\u00e9magogie, le tribalisme et le n\u00e9potisme\u201d, et dans laquelle la Constitution est \u201couvertement bafou\u00e9e\u201d, rapporte Anadolu.<\/p>\n<p>\u201cLe pays est de nouveau \u00e0 la case d\u00e9part\u201d, a-t-il d\u00e9plor\u00e9, pointant une \u201ctyrannie\u201d o\u00f9 \u201cla volont\u00e9 d\u2019un seul homme\u201d prime sur les institutions.<\/p>\n<p>Il accuse le pr\u00e9sident actuel sans le nommer d\u2019avoir orchestr\u00e9 un \u201ccoup d\u2019\u00c9tat institutionnel\u201d en d\u00e9cembre 2020 et d\u2019avoir \u201cvid\u00e9 les institutions de leur substance\u201d d\u00e9mocratique.<\/p>\n<p>Revenant sur la coalition form\u00e9e apr\u00e8s l\u2019alternance de 2019, Joseph Kabila a d\u00e9fendu sa bonne foi, rappelant que l\u2019accord conclu visait \u00e0 assurer la stabilit\u00e9 et un fonctionnement harmonieux de l\u2019\u00c9tat. Il d\u00e9nonce aujourd\u2019hui un \u201creniement\u201d de cet esprit, accompagn\u00e9 \u201cd\u2019atteintes \u00e0 la justice, \u00e0 l\u2019\u00e9conomie, \u00e0 la coh\u00e9sion nationale et \u00e0 la s\u00e9curit\u00e9\u201d.<\/p>\n<p>Kabila s\u2019est \u00e9galement insurg\u00e9 contre les violences \u00e0 l\u2019est du pays, qu\u2019il qualifie de \u201cterrorisme d\u2019\u00c9tat\u201d et de \u201ccrime contre l\u2019humanit\u00e9\u201d, citant notamment les massacres de Makala, de Goma et de Kilwa.<\/p>\n<p>Face \u00e0 ce qu\u2019il d\u00e9crit comme un effondrement des institutions, l\u2019ancien chef de l\u2019\u00c9tat appelle \u00e0 la mobilisation autour d\u2019un \u201cpacte citoyen\u201d articul\u00e9 autour de douze engagements, dont la \u201cfin de la dictature\u201d, le \u201cretrait des troupes \u00e9trang\u00e8res\u201d, la relance du dialogue r\u00e9gional et la restauration de la d\u00e9mocratie.<\/p>\n<p>\u201cLe Congo vaut mieux que la caricature qu\u2019en donnent ses dirigeants actuels\u201d, a-t-il d\u00e9clar\u00e9.<\/p>\n<p>\u201cLe Congo m\u00e9rite mieux que cette politique ext\u00e9rieure, faite de j\u00e9r\u00e9miades et de mendicit\u00e9\u201d, a-t-il ajout\u00e9, concluant sur un engagement personnel \u00e0 \u201cjouer sa partition\u201d dans la reconstruction du pays.<\/p>\n<p>M. Kabila s\u2019est exprim\u00e9 au lendemain de la lev\u00e9e de ses immunit\u00e9s \u00e0 la demande du procureur g\u00e9n\u00e9ral militaire qui l\u2019accuse de collision avec la r\u00e9bellion du M23\/AFC soutenue par le Rwanda.<\/p>\n","protected":false},"excerpt":{"rendered":"<p>L\u2019ancien pr\u00e9sident de la R\u00e9publique d\u00e9mocratique du Congo (RDC), Joseph Kabila, est sorti vendredi de son silence, six ans apr\u00e8s avoir quitt\u00e9 le pouvoir, pour d\u00e9noncer la \u201cd\u00e9rive dictatoriale\u201d du pouvoir en place et appeler \u00e0 un \u201csursaut patriotique\u201d afin de sortir le pays de la \u201ccrise multidimensionnelle\u201d qu\u2019il traverse. Dans un discours solennel \u00e0 &hellip;<\/p>\n","protected":false},"author":1,"featured_media":20339,"comment_status":"open","ping_status":"closed","sticky":false,"template":"","format":"standard","meta":{"footnotes":""},"categories":[3,7],"tags":[],"class_list":["post-20338","post","type-post","status-publish","format-standard","has-post-thumbnail","hentry","category-actualites","category-international"],"_links":{"self":[{"href":"https:\/\/afrikmatin.com\/index.php?rest_route=\/wp\/v2\/posts\/20338","targetHints":{"allow":["GET"]}}],"collection":[{"href":"https:\/\/afrikmatin.com\/index.php?rest_route=\/wp\/v2\/posts"}],"about":[{"href":"https:\/\/afrikmatin.com\/index.php?rest_route=\/wp\/v2\/types\/post"}],"author":[{"embeddable":true,"href":"https:\/\/afrikmatin.com\/index.php?rest_route=\/wp\/v2\/users\/1"}],"replies":[{"embeddable":true,"href":"https:\/\/afrikmatin.com\/index.php?rest_route=%2Fwp%2Fv2%2Fcomments&post=20338"}],"version-history":[{"count":0,"href":"https:\/\/afrikmatin.com\/index.php?rest_route=\/wp\/v2\/posts\/20338\/revisions"}],"wp:featuredmedia":[{"embeddable":true,"href":"https:\/\/afrikmatin.com\/index.php?rest_route=\/wp\/v2\/media\/20339"}],"wp:attachment":[{"href":"https:\/\/afrikmatin.com\/index.php?rest_route=%2Fwp%2Fv2%2Fmedia&parent=20338"}],"wp:term":[{"taxonomy":"category","embeddable":true,"href":"https:\/\/afrikmatin.com\/index.php?rest_route=%2Fwp%2Fv2%2Fcategories&post=20338"},{"taxonomy":"post_tag","embeddable":true,"href":"https:\/\/afrikmatin.com\/index.php?rest_route=%2Fwp%2Fv2%2Ftags&post=20338"}],"curies":[{"name":"wp","href":"https:\/\/api.w.org\/{rel}","templated":true}]}}