{"id":20346,"date":"2025-05-26T07:39:32","date_gmt":"2025-05-26T07:39:32","guid":{"rendered":"http:\/\/fr.africanews.com\/2025\/05\/26\/soudan-les-fsr-revendiquent-la-prise-du-camp-de-zamzam\/"},"modified":"2025-05-26T07:39:32","modified_gmt":"2025-05-26T07:39:32","slug":"soudan-les-fsr-revendiquent-la-prise-du-camp-de-zamzam","status":"publish","type":"post","link":"https:\/\/afrikmatin.com\/?p=20346","title":{"rendered":"Soudan : les FSR revendiquent la prise du camp de Zamzam"},"content":{"rendered":"<div><img decoding=\"async\" src=\"https:\/\/afrikmatin.com\/wp-content\/uploads\/2025\/05\/soudan-les-fsr-revendiquent-la-prise-du-camp-de-zamzam.jpg\" class=\"ff-og-image-inserted\"><\/div>\n<p><strong>Au Soudan, les forces de soutien rapide revendiquent le contr\u00f4le du camp de Zamzam au Darfour. Le groupe paramilitaire affirme avoir repris le camp \u00e0 l&rsquo;arm\u00e9e r\u00e9guli\u00e8re.<\/strong><\/p>\n<p>Vendredi, les FSR avaient lanc\u00e9 des assauts au sol et dans les airs sur la capitale assi\u00e9g\u00e9e du Darfour du Nord, El-Fasher, et sur les camps de d\u00e9plac\u00e9s de Zamzam et d&rsquo;Abu Shouk, situ\u00e9s \u00e0 proximit\u00e9.<\/p>\n<p>La localit\u00e9 est en proie \u00e0 la famine en plein c\u0153ur de la r\u00e9gion du Darfour occidental. <\/p>\n<p>Deux jours de bombardements et de fusillades intenses dans ce camp de Zamzam et dans les environs ont tu\u00e9 au moins 100 personnes, dont des enfants et des travailleurs humanitaires, selon les Nations unies.<\/p>\n<p>Les soldats du G\u00e9n\u00e9ral Hemetti ont d\u00e9clar\u00e9 dans un communiqu\u00e9 dimanche qu&rsquo;ils avaient d\u00e9ploy\u00e9 \u00ab\u00a0des unit\u00e9s militaires\u00a0\u00bb pour s\u00e9curiser les civils et le personnel m\u00e9dical humanitaire dans la ville.<\/p>\n<p>Ces derni\u00e8res semaines, les FSR ont intensifi\u00e9 les attaques contre les camps de r\u00e9fugi\u00e9s autour d&rsquo;El-Fasher dans le but de s&#8217;emparer de la derni\u00e8re capitale du Darfour qui leur \u00e9chappait jusque-l\u00e0. <\/p>\n<p>\u00c0 environ 180 km \u00e0 l&rsquo;est d&rsquo;El-Fasher, \u00e0 Um Kadadah, des militants ont \u00e9galement signal\u00e9 que les paramilitaires avaient tu\u00e9 56 civils au cours de deux jours d&rsquo;attaques contre une ville dont ils s&rsquo;\u00e9taient empar\u00e9s sur la route d&rsquo;El-Fasher.<\/p>\n","protected":false},"excerpt":{"rendered":"<p>Au Soudan, les forces de soutien rapide revendiquent le contr\u00f4le du camp de Zamzam au Darfour. Le groupe paramilitaire affirme avoir repris le camp \u00e0 l&rsquo;arm\u00e9e r\u00e9guli\u00e8re. Vendredi, les FSR avaient lanc\u00e9 des assauts au sol et dans les airs sur la capitale assi\u00e9g\u00e9e du Darfour du Nord, El-Fasher, et sur les camps de d\u00e9plac\u00e9s &hellip;<\/p>\n","protected":false},"author":1,"featured_media":20348,"comment_status":"open","ping_status":"closed","sticky":false,"template":"","format":"standard","meta":{"footnotes":""},"categories":[2,3],"tags":[],"class_list":["post-20346","post","type-post","status-publish","format-standard","has-post-thumbnail","hentry","category-a-la-une","category-actualites"],"_links":{"self":[{"href":"https:\/\/afrikmatin.com\/index.php?rest_route=\/wp\/v2\/posts\/20346","targetHints":{"allow":["GET"]}}],"collection":[{"href":"https:\/\/afrikmatin.com\/index.php?rest_route=\/wp\/v2\/posts"}],"about":[{"href":"https:\/\/afrikmatin.com\/index.php?rest_route=\/wp\/v2\/types\/post"}],"author":[{"embeddable":true,"href":"https:\/\/afrikmatin.com\/index.php?rest_route=\/wp\/v2\/users\/1"}],"replies":[{"embeddable":true,"href":"https:\/\/afrikmatin.com\/index.php?rest_route=%2Fwp%2Fv2%2Fcomments&post=20346"}],"version-history":[{"count":0,"href":"https:\/\/afrikmatin.com\/index.php?rest_route=\/wp\/v2\/posts\/20346\/revisions"}],"wp:featuredmedia":[{"embeddable":true,"href":"https:\/\/afrikmatin.com\/index.php?rest_route=\/wp\/v2\/media\/20348"}],"wp:attachment":[{"href":"https:\/\/afrikmatin.com\/index.php?rest_route=%2Fwp%2Fv2%2Fmedia&parent=20346"}],"wp:term":[{"taxonomy":"category","embeddable":true,"href":"https:\/\/afrikmatin.com\/index.php?rest_route=%2Fwp%2Fv2%2Fcategories&post=20346"},{"taxonomy":"post_tag","embeddable":true,"href":"https:\/\/afrikmatin.com\/index.php?rest_route=%2Fwp%2Fv2%2Ftags&post=20346"}],"curies":[{"name":"wp","href":"https:\/\/api.w.org\/{rel}","templated":true}]}}