{"id":20388,"date":"2025-07-18T10:27:41","date_gmt":"2025-07-18T10:27:41","guid":{"rendered":"https:\/\/afrikmatin.com\/?p=20388"},"modified":"2025-07-18T10:27:41","modified_gmt":"2025-07-18T10:27:41","slug":"cote-divoire-premieres-images-de-molare-au-pole-penitentiaire-dabidjan-apres-laccident-mortel-delise-tolah","status":"publish","type":"post","link":"https:\/\/afrikmatin.com\/?p=20388","title":{"rendered":"C\u00f4te d\u2019Ivoire : premi\u00e8res images de Molare au P\u00f4le p\u00e9nitentiaire d\u2019Abidjan apr\u00e8s l\u2019accident mortel d\u2019\u00c9lise Tolah"},"content":{"rendered":"<p><strong>Les images de la premi\u00e8re nuit de Molare au P\u00f4le p\u00e9nitentiaire d\u2019Abidjan ont commenc\u00e9 \u00e0 circuler sur les r\u00e9seaux sociaux, suscitant une vague d\u2019\u00e9motion et de r\u00e9actions en C\u00f4te d\u2019Ivoire.<\/strong><\/p>\n<p>L\u2019influent acteur culturel ivoirien, de son vrai nom Soumahoro Maurif\u00e9r\u00e9, est impliqu\u00e9 dans un grave accident de la route survenu r\u00e9cemment \u00e0 Abidjan. Le drame a co\u00fbt\u00e9 la vie \u00e0 \u00c9lise Tolah, une jeune femme tr\u00e8s appr\u00e9ci\u00e9e dans le milieu artistique.<\/p>\n<p>Depuis son interpellation, Molare a \u00e9t\u00e9 plac\u00e9 en d\u00e9tention pr\u00e9ventive en attendant les suites de l\u2019enqu\u00eate judiciaire. Selon les premi\u00e8res informations, le choc aurait \u00e9t\u00e9 d\u2019une extr\u00eame violence, entra\u00eenant la mort sur le coup de la victime.<\/p>\n<p><img loading=\"lazy\" decoding=\"async\" class=\"alignnone wp-image-20389 size-large\" src=\"https:\/\/afrikmatin.com\/wp-content\/uploads\/2025\/07\/518806668_1026707072964869_6227319802004246261_n-769x1024.jpg\" alt=\"\" width=\"769\" height=\"1024\" srcset=\"https:\/\/afrikmatin.com\/wp-content\/uploads\/2025\/07\/518806668_1026707072964869_6227319802004246261_n-769x1024.jpg 769w, https:\/\/afrikmatin.com\/wp-content\/uploads\/2025\/07\/518806668_1026707072964869_6227319802004246261_n-225x300.jpg 225w, https:\/\/afrikmatin.com\/wp-content\/uploads\/2025\/07\/518806668_1026707072964869_6227319802004246261_n-768x1023.jpg 768w, https:\/\/afrikmatin.com\/wp-content\/uploads\/2025\/07\/518806668_1026707072964869_6227319802004246261_n.jpg 1086w\" sizes=\"auto, (max-width: 769px) 100vw, 769px\" \/><\/p>\n<p><iframe loading=\"lazy\" style=\"border: none; overflow: hidden;\" src=\"https:\/\/www.facebook.com\/plugins\/video.php?height=476&amp;href=https%3A%2F%2Fwww.facebook.com%2Freel%2F1066636345573968%2F&amp;show_text=false&amp;width=267&amp;t=0\" width=\"267\" height=\"476\" frameborder=\"0\" scrolling=\"no\" allowfullscreen=\"allowfullscreen\"><\/iframe><\/p>\n","protected":false},"excerpt":{"rendered":"<p>Les images de la premi\u00e8re nuit de Molare au P\u00f4le p\u00e9nitentiaire d\u2019Abidjan ont commenc\u00e9 \u00e0 circuler sur les r\u00e9seaux sociaux, suscitant une vague d\u2019\u00e9motion et de r\u00e9actions en C\u00f4te d\u2019Ivoire. L\u2019influent acteur culturel ivoirien, de son vrai nom Soumahoro Maurif\u00e9r\u00e9, est impliqu\u00e9 dans un grave accident de la route survenu r\u00e9cemment \u00e0 Abidjan. Le drame &hellip;<\/p>\n","protected":false},"author":1,"featured_media":20389,"comment_status":"open","ping_status":"open","sticky":false,"template":"","format":"standard","meta":{"footnotes":""},"categories":[2,3,4,5,6,8,10,14],"tags":[89,7097,7099,1069,6235,7098],"class_list":["post-20388","post","type-post","status-publish","format-standard","has-post-thumbnail","hentry","category-a-la-une","category-actualites","category-celebrites","category-culture","category-faits-divers","category-justice","category-people","category-videos","tag-accident-de-la-route","tag-accident-elise-tolah","tag-celebrite-ivoirienne-en-detention","tag-cote-divoire","tag-molare","tag-pole-penitentiaire-abidjan"],"_links":{"self":[{"href":"https:\/\/afrikmatin.com\/index.php?rest_route=\/wp\/v2\/posts\/20388","targetHints":{"allow":["GET"]}}],"collection":[{"href":"https:\/\/afrikmatin.com\/index.php?rest_route=\/wp\/v2\/posts"}],"about":[{"href":"https:\/\/afrikmatin.com\/index.php?rest_route=\/wp\/v2\/types\/post"}],"author":[{"embeddable":true,"href":"https:\/\/afrikmatin.com\/index.php?rest_route=\/wp\/v2\/users\/1"}],"replies":[{"embeddable":true,"href":"https:\/\/afrikmatin.com\/index.php?rest_route=%2Fwp%2Fv2%2Fcomments&post=20388"}],"version-history":[{"count":1,"href":"https:\/\/afrikmatin.com\/index.php?rest_route=\/wp\/v2\/posts\/20388\/revisions"}],"predecessor-version":[{"id":20392,"href":"https:\/\/afrikmatin.com\/index.php?rest_route=\/wp\/v2\/posts\/20388\/revisions\/20392"}],"wp:featuredmedia":[{"embeddable":true,"href":"https:\/\/afrikmatin.com\/index.php?rest_route=\/wp\/v2\/media\/20389"}],"wp:attachment":[{"href":"https:\/\/afrikmatin.com\/index.php?rest_route=%2Fwp%2Fv2%2Fmedia&parent=20388"}],"wp:term":[{"taxonomy":"category","embeddable":true,"href":"https:\/\/afrikmatin.com\/index.php?rest_route=%2Fwp%2Fv2%2Fcategories&post=20388"},{"taxonomy":"post_tag","embeddable":true,"href":"https:\/\/afrikmatin.com\/index.php?rest_route=%2Fwp%2Fv2%2Ftags&post=20388"}],"curies":[{"name":"wp","href":"https:\/\/api.w.org\/{rel}","templated":true}]}}