{"id":2385893,"date":"2026-08-30T22:55:57","date_gmt":"2026-08-30T22:55:57","guid":{"rendered":"https:\/\/senego.com\/dominique-de-villepin-appelle-a-reconnaitre-la-dette-de-la-france-apres-thiaroye_1998378.html"},"modified":"2026-08-30T22:55:57","modified_gmt":"2026-08-30T22:55:57","slug":"dominique-de-villepin-appelle-a-reconnaitre-la-dette-de-la-france-apres-thiaroye","status":"publish","type":"post","link":"https:\/\/afrikmatin.com\/?p=2385893","title":{"rendered":"Dominique de Villepin appelle \u00e0 reconna\u00eetre la dette de la France apr\u00e8s Thiaroye"},"content":{"rendered":"<p>\u00ab J\u2019aime bien que la France reconnaisse ses dettes. Voyez-vous ? Quand on regarde notre histoire, elle est faite de beaucoup d\u2019ingratitudes \u00bb, a d\u00e9clar\u00e9 Dominique de Villepin.<\/p>\n<p>L\u2019ancien Premier ministre fran\u00e7ais plaide pour une reconnaissance plus nette de la contribution des tirailleurs s\u00e9n\u00e9galais et des autres soldats africains engag\u00e9s sous le drapeau fran\u00e7ais. Il rappelle que plusieurs pr\u00e9sidents, dont Jacques Chirac, Nicolas Sarkozy, Fran\u00e7ois Hollande et Emmanuel Macron, ont d\u00e9j\u00e0 pos\u00e9 des actes en ce sens.<\/p>\n<p>La dette de la France envers ces combattants reste, selon lui, li\u00e9e \u00e0 leur participation aux deux guerres mondiales et \u00e0 d\u2019autres op\u00e9rations militaires. Cette prise de position est rapport\u00e9e par Exclusif.<\/p>\n<p>Dominique de Villepin cite \u00e9galement le massacre de Thiaroye, qu\u2019il dit ne pas oublier. Le 1er d\u00e9cembre 1944, des tirailleurs africains qui r\u00e9clamaient le paiement de leurs soldes ont \u00e9t\u00e9 tu\u00e9s dans le camp de Thiaroye, au S\u00e9n\u00e9gal. Il \u00e9voque des tirs qui auraient fait \u00ab plusieurs centaines de morts \u00bb et les relie \u00e0 la question du paiement des pensions ainsi qu\u2019aux craintes suscit\u00e9es par le retour d\u2019anciens combattants africains dans les colonies apr\u00e8s 1945.<\/p>\n<p>La France a depuis officiellement reconnu la r\u00e9alit\u00e9 du massacre. Emmanuel Macron a accept\u00e9 le terme de \u00ab massacre \u00bb et un Livre blanc a \u00e9t\u00e9 publi\u00e9, tandis que Paris a propos\u00e9 son expertise aux arch\u00e9ologues s\u00e9n\u00e9galais. Mais cette reconnaissance n\u2019\u00e9teint pas la demande de justice et de r\u00e9parations, port\u00e9e notamment par l\u2019historien Mouhamed Goloko.<\/p>\n<p>Cette m\u00e9moire demeure au c\u0153ur des relations entre les deux pays. Le 1er d\u00e9cembre 2025, \u00e0 l\u2019occasion du 81e anniversaire de Thiaroye, le pr\u00e9sident s\u00e9n\u00e9galais Bassirou Diomaye Faye a prononc\u00e9 un discours en hommage aux tirailleurs, donnant une port\u00e9e politique actuelle au combat pour la v\u00e9rit\u00e9 sur les victimes et les responsabilit\u00e9s.<\/p>\n<p>\u00ab J\u2019estime que vis-\u00e0-vis de l\u2019Afrique, il y a un devoir de reconnaissance central \u00bb, soutient Dominique de Villepin. Il inscrit aussi cette m\u00e9moire dans son histoire familiale, en expliquant que plusieurs de ses proches ont combattu aux c\u00f4t\u00e9s de tirailleurs alg\u00e9riens et s\u00e9n\u00e9galais.<\/p>\n<p>L\u2019ancien chef du gouvernement estime enfin que la France actuelle ne serait pas la m\u00eame sans la contribution de son ancien empire colonial.<\/p>\n","protected":false},"excerpt":{"rendered":"<p>\u00ab J\u2019aime bien que la France reconnaisse ses dettes. Voyez-vous ? Quand on regarde notre histoire, elle est faite de beaucoup d\u2019ingratitudes \u00bb, a d\u00e9clar\u00e9 Dominique de Villepin. L\u2019ancien Premier ministre fran\u00e7ais plaide pour une reconnaissance plus nette de la contribution des tirailleurs s\u00e9n\u00e9galais et des autres soldats africains engag\u00e9s sous le drapeau fran\u00e7ais. Il &hellip;<\/p>\n","protected":false},"author":1,"featured_media":0,"comment_status":"open","ping_status":"closed","sticky":false,"template":"","format":"standard","meta":{"footnotes":""},"categories":[3,7,12],"tags":[],"class_list":["post-2385893","post","type-post","status-publish","format-standard","hentry","category-actualites","category-international","category-societe"],"_links":{"self":[{"href":"https:\/\/afrikmatin.com\/index.php?rest_route=\/wp\/v2\/posts\/2385893","targetHints":{"allow":["GET"]}}],"collection":[{"href":"https:\/\/afrikmatin.com\/index.php?rest_route=\/wp\/v2\/posts"}],"about":[{"href":"https:\/\/afrikmatin.com\/index.php?rest_route=\/wp\/v2\/types\/post"}],"author":[{"embeddable":true,"href":"https:\/\/afrikmatin.com\/index.php?rest_route=\/wp\/v2\/users\/1"}],"replies":[{"embeddable":true,"href":"https:\/\/afrikmatin.com\/index.php?rest_route=%2Fwp%2Fv2%2Fcomments&post=2385893"}],"version-history":[{"count":0,"href":"https:\/\/afrikmatin.com\/index.php?rest_route=\/wp\/v2\/posts\/2385893\/revisions"}],"wp:attachment":[{"href":"https:\/\/afrikmatin.com\/index.php?rest_route=%2Fwp%2Fv2%2Fmedia&parent=2385893"}],"wp:term":[{"taxonomy":"category","embeddable":true,"href":"https:\/\/afrikmatin.com\/index.php?rest_route=%2Fwp%2Fv2%2Fcategories&post=2385893"},{"taxonomy":"post_tag","embeddable":true,"href":"https:\/\/afrikmatin.com\/index.php?rest_route=%2Fwp%2Fv2%2Ftags&post=2385893"}],"curies":[{"name":"wp","href":"https:\/\/api.w.org\/{rel}","templated":true}]}}