{"id":2385895,"date":"2026-08-30T17:23:41","date_gmt":"2026-08-30T17:23:41","guid":{"rendered":"https:\/\/senego.com\/avec-lotan-le-maroc-prepare-la-formation-de-militaires-africains-au-deep_1998301.html"},"modified":"2026-08-30T17:23:41","modified_gmt":"2026-08-30T17:23:41","slug":"avec-lotan-le-maroc-prepare-la-formation-de-militaires-africains-au-deep","status":"publish","type":"post","link":"https:\/\/afrikmatin.com\/?p=2385895","title":{"rendered":"Avec l\u2019OTAN, le Maroc pr\u00e9pare la formation de militaires africains au DEEP"},"content":{"rendered":"<p>Apr\u00e8s le recul de l\u2019influence fran\u00e7aise dans une grande partie du Sahel, le Maroc avance vers un r\u00f4le r\u00e9gional dans la formation et le renforcement des capacit\u00e9s militaires africaines.<\/p>\n<p>Rabat et l\u2019Organisation du trait\u00e9 de l\u2019Atlantique Nord envisagent une session du Programme de renforcement de la formation \u00e0 la d\u00e9fense, connu sous le sigle DEEP. Le Royaume a rejoint ce dispositif en 2025. La rencontre pourrait se tenir au Maroc \u00e0 la fin de 2026 ou au d\u00e9but de 2027, avec une attention particuli\u00e8re port\u00e9e aux sous-officiers.<\/p>\n<p>Le rapport annuel 2025 du secr\u00e9taire g\u00e9n\u00e9ral de l\u2019OTAN, publi\u00e9 en mars 2026, fait \u00e9tat d\u2019une coop\u00e9ration entre l\u2019Alliance, le Maroc et des pays africains tiers. Cette coop\u00e9ration vise \u00e0 d\u00e9velopper la formation et les comp\u00e9tences professionnelles des cadres militaires.<\/p>\n<h2>Un programme soutenu par un vaste r\u00e9seau d\u2019experts<\/h2>\n<p>Cr\u00e9\u00e9 en 2007, le DEEP r\u00e9unit plus de 900 experts provenant d\u2019environ 75 institutions. En 2025, il a conduit 562 activit\u00e9s au profit de 5 333 enseignants, formateurs et responsables militaires issus des pays partenaires.<\/p>\n<p>Cette trajectoire est pr\u00e9sent\u00e9e par The Rio Times comme une extension m\u00e9thodique du r\u00f4le marocain dans la formation des arm\u00e9es africaines. Lareleve s\u2019appuie notamment sur des informations publi\u00e9es par Africa Intelligence le 27 ao\u00fbt 2026.<\/p>\n<p>Le Maroc est partenaire de l\u2019OTAN depuis son adh\u00e9sion au Dialogue m\u00e9diterran\u00e9en en 1995. Depuis 2004, il dispose aussi du statut d\u2019alli\u00e9 majeur des \u00c9tats-Unis hors OTAN. La feuille de route militaire entre Rabat et Washington a \u00e9t\u00e9 renouvel\u00e9e en avril 2026 jusqu\u2019en 2036.<\/p>\n<h2>Un centre multi-domaines pr\u00e9vu \u00e0 Tan-Tan<\/h2>\n<p>En parall\u00e8le du dispositif atlantique, les Forces arm\u00e9es royales et le Commandement des \u00c9tats-Unis pour l\u2019Afrique ont sign\u00e9, le 13 juillet 2026 \u00e0 Stuttgart, un m\u00e9morandum pour cr\u00e9er \u00e0 Tan-Tan le Centre africain d\u2019entra\u00eenement et d\u2019exp\u00e9rimentation multi-domaines. Son ach\u00e8vement est annonc\u00e9 \u00e0 l\u2019horizon 2030.<\/p>\n<p>Le complexe doit comprendre une zone d\u2019entra\u00eenement multi-domaine, une acad\u00e9mie d\u00e9di\u00e9e aux drones ainsi qu\u2019un centre d\u2019innovation et d\u2019exp\u00e9rimentation. Le projet prolonge une coop\u00e9ration d\u00e9j\u00e0 visible lors de l\u2019exercice African Lion.<\/p>\n<p>L\u2019\u00e9dition 2026 de ces man\u0153uvres s\u2019est tenue du 20 avril au 8 mai au Maroc, au Ghana, au S\u00e9n\u00e9gal et en Tunisie. \u00c0 Agadir, plus de 20 militaires marocains, nig\u00e9rians, ghan\u00e9ens et am\u00e9ricains ont achev\u00e9 une formation sp\u00e9cialis\u00e9e sur la planification et l\u2019utilisation op\u00e9rationnelle des drones.<\/p>\n<p>Les \u00c9tats-Unis avaient par ailleurs annonc\u00e9 la mise en place au Maroc d\u2019un centre consacr\u00e9 \u00e0 la formation d\u2019op\u00e9rateurs africains de drones. Le d\u00e9ploiement initial devait co\u00efncider avec African Lion 2026.<\/p>\n<p>La prochaine \u00e9dition, African Lion 2027, doit servir de premi\u00e8re mise \u00e0 l\u2019\u00e9preuve concr\u00e8te du futur dispositif de Tan-Tan.<\/p>\n","protected":false},"excerpt":{"rendered":"<p>Apr\u00e8s le recul de l\u2019influence fran\u00e7aise dans une grande partie du Sahel, le Maroc avance vers un r\u00f4le r\u00e9gional dans la formation et le renforcement des capacit\u00e9s militaires africaines. Rabat et l\u2019Organisation du trait\u00e9 de l\u2019Atlantique Nord envisagent une session du Programme de renforcement de la formation \u00e0 la d\u00e9fense, connu sous le sigle DEEP. &hellip;<\/p>\n","protected":false},"author":1,"featured_media":0,"comment_status":"open","ping_status":"closed","sticky":false,"template":"","format":"standard","meta":{"footnotes":""},"categories":[3,7],"tags":[],"class_list":["post-2385895","post","type-post","status-publish","format-standard","hentry","category-actualites","category-international"],"_links":{"self":[{"href":"https:\/\/afrikmatin.com\/index.php?rest_route=\/wp\/v2\/posts\/2385895","targetHints":{"allow":["GET"]}}],"collection":[{"href":"https:\/\/afrikmatin.com\/index.php?rest_route=\/wp\/v2\/posts"}],"about":[{"href":"https:\/\/afrikmatin.com\/index.php?rest_route=\/wp\/v2\/types\/post"}],"author":[{"embeddable":true,"href":"https:\/\/afrikmatin.com\/index.php?rest_route=\/wp\/v2\/users\/1"}],"replies":[{"embeddable":true,"href":"https:\/\/afrikmatin.com\/index.php?rest_route=%2Fwp%2Fv2%2Fcomments&post=2385895"}],"version-history":[{"count":0,"href":"https:\/\/afrikmatin.com\/index.php?rest_route=\/wp\/v2\/posts\/2385895\/revisions"}],"wp:attachment":[{"href":"https:\/\/afrikmatin.com\/index.php?rest_route=%2Fwp%2Fv2%2Fmedia&parent=2385895"}],"wp:term":[{"taxonomy":"category","embeddable":true,"href":"https:\/\/afrikmatin.com\/index.php?rest_route=%2Fwp%2Fv2%2Fcategories&post=2385895"},{"taxonomy":"post_tag","embeddable":true,"href":"https:\/\/afrikmatin.com\/index.php?rest_route=%2Fwp%2Fv2%2Ftags&post=2385895"}],"curies":[{"name":"wp","href":"https:\/\/api.w.org\/{rel}","templated":true}]}}