{"id":2392585,"date":"2026-08-31T22:30:24","date_gmt":"2026-08-31T22:30:24","guid":{"rendered":"https:\/\/senego.com\/brvm-la-solidarite-regionale-finance-les-etats-mais-le-prive-reste-attendu_1998653.html"},"modified":"2026-08-31T22:30:24","modified_gmt":"2026-08-31T22:30:24","slug":"brvm-la-solidarite-regionale-finance-les-etats-mais-le-prive-reste-attendu","status":"publish","type":"post","link":"https:\/\/afrikmatin.com\/?p=2392585","title":{"rendered":"BRVM : la solidarit\u00e9 r\u00e9gionale finance les \u00c9tats, mais le priv\u00e9 reste attendu"},"content":{"rendered":"<p>Une cinquantaine de soci\u00e9t\u00e9s sont actuellement cot\u00e9es \u00e0 la Bourse R\u00e9gionale des Valeurs Mobili\u00e8res (BRVM). Pourtant, ce sont surtout les \u00c9tats de l\u2019Union \u00e9conomique et mon\u00e9taire ouest-africaine (UEMOA) qui sollicitent cette place financi\u00e8re commune \u00e0 huit pays.<\/p>\n<p>Le compartiment obligataire occupe une place centrale dans ce dispositif. Il comprend notamment le march\u00e9 des titres publics, tr\u00e8s actif, qui contribue au financement des d\u00e9ficits budg\u00e9taires des \u00c9tats. La BRVM est ainsi devenue un outil majeur pour le financement des \u00c9tats de la r\u00e9gion.<\/p>\n<p>Le S\u00e9n\u00e9gal illustre cette d\u00e9pendance accrue aux ressources r\u00e9gionales. Dans un contexte o\u00f9 l\u2019acc\u00e8s aux march\u00e9s internationaux est difficile, Dakar s\u2019est davantage tourn\u00e9 vers la BRVM et y a mobilis\u00e9 plus de 1 000 milliards de francs CFA au premier trimestre, soit une hausse de pr\u00e8s de 200 % sur un an. Cette \u00e9volution intervient alors que le pays est consid\u00e9r\u00e9 comme surendett\u00e9 par l\u2019\u00e9conomiste Moubarak L\u00f4, qui \u00e9voque la n\u00e9cessit\u00e9 de r\u00e9duire ou de restructurer la dette.<\/p>\n<p>En d\u00e9cembre 2025, l\u2019\u00c9tat du S\u00e9n\u00e9gal avait d\u00e9j\u00e0 r\u00e9alis\u00e9 une lev\u00e9e de 454 milliards de francs CFA sur le march\u00e9 financier r\u00e9gional, contre un objectif initial de 300 milliards. En avril 2026, une autre adjudication sur le march\u00e9 des titres publics de l\u2019UEMOA lui avait permis de recueillir 68 milliards de francs CFA, au-del\u00e0 des 65 milliards vis\u00e9s.<\/p>\n<p>Les pays de l\u2019Alliance des \u00c9tats du Sahel (AES) continuent \u00e9galement d\u2019utiliser cette infrastructure financi\u00e8re, malgr\u00e9 leur retrait de la structure politique de la C\u00e9d\u00e9ao. En 2025, le Burkina Faso, le Mali et le Niger y ont lev\u00e9 ensemble plus de 3 000 milliards de francs CFA, un montant \u00e9valu\u00e9 \u00e0 environ 5 milliards d\u2019euros par Ange Ponou, analyste chez Sika Finance.<\/p>\n<p>Dans cette analyse relay\u00e9e par RFI Afrique, Ange Ponou pr\u00e9sente le march\u00e9 financier r\u00e9gional comme une \u00ab bou\u00e9e de sauvetage \u00bb pour ces trois pays. Selon lui, leur acc\u00e8s au financement serait beaucoup plus compliqu\u00e9 s\u2019ils ne faisaient pas partie de cet espace commun.<\/p>\n<p>Cette solidarit\u00e9 dans la dette nourrit toutefois des interrogations dans plusieurs pays de la r\u00e9gion. Pour les prochaines ann\u00e9es, l\u2019un des principaux d\u00e9fis identifi\u00e9s consiste \u00e0 attirer davantage d\u2019entreprises priv\u00e9es afin d\u2019\u00e9toffer le march\u00e9 des actions, encore limit\u00e9 par le faible nombre de soci\u00e9t\u00e9s cot\u00e9es.<\/p>\n","protected":false},"excerpt":{"rendered":"<p>Une cinquantaine de soci\u00e9t\u00e9s sont actuellement cot\u00e9es \u00e0 la Bourse R\u00e9gionale des Valeurs Mobili\u00e8res (BRVM). Pourtant, ce sont surtout les \u00c9tats de l\u2019Union \u00e9conomique et mon\u00e9taire ouest-africaine (UEMOA) qui sollicitent cette place financi\u00e8re commune \u00e0 huit pays. Le compartiment obligataire occupe une place centrale dans ce dispositif. Il comprend notamment le march\u00e9 des titres publics, &hellip;<\/p>\n","protected":false},"author":1,"featured_media":0,"comment_status":"open","ping_status":"closed","sticky":false,"template":"","format":"standard","meta":{"footnotes":""},"categories":[3,7],"tags":[],"class_list":["post-2392585","post","type-post","status-publish","format-standard","hentry","category-actualites","category-international"],"_links":{"self":[{"href":"https:\/\/afrikmatin.com\/index.php?rest_route=\/wp\/v2\/posts\/2392585","targetHints":{"allow":["GET"]}}],"collection":[{"href":"https:\/\/afrikmatin.com\/index.php?rest_route=\/wp\/v2\/posts"}],"about":[{"href":"https:\/\/afrikmatin.com\/index.php?rest_route=\/wp\/v2\/types\/post"}],"author":[{"embeddable":true,"href":"https:\/\/afrikmatin.com\/index.php?rest_route=\/wp\/v2\/users\/1"}],"replies":[{"embeddable":true,"href":"https:\/\/afrikmatin.com\/index.php?rest_route=%2Fwp%2Fv2%2Fcomments&post=2392585"}],"version-history":[{"count":0,"href":"https:\/\/afrikmatin.com\/index.php?rest_route=\/wp\/v2\/posts\/2392585\/revisions"}],"wp:attachment":[{"href":"https:\/\/afrikmatin.com\/index.php?rest_route=%2Fwp%2Fv2%2Fmedia&parent=2392585"}],"wp:term":[{"taxonomy":"category","embeddable":true,"href":"https:\/\/afrikmatin.com\/index.php?rest_route=%2Fwp%2Fv2%2Fcategories&post=2392585"},{"taxonomy":"post_tag","embeddable":true,"href":"https:\/\/afrikmatin.com\/index.php?rest_route=%2Fwp%2Fv2%2Ftags&post=2392585"}],"curies":[{"name":"wp","href":"https:\/\/api.w.org\/{rel}","templated":true}]}}