{"id":2392586,"date":"2026-08-31T20:19:56","date_gmt":"2026-08-31T20:19:56","guid":{"rendered":"https:\/\/senego.com\/?p=1998621"},"modified":"2026-08-31T20:19:56","modified_gmt":"2026-08-31T20:19:56","slug":"lajs-aux-cotes-des-acteurs-maliens-engages-contre-les-mutilations-genitales-feminines","status":"publish","type":"post","link":"https:\/\/afrikmatin.com\/?p=2392586","title":{"rendered":"L\u2019AJS aux c\u00f4t\u00e9s des acteurs maliens engag\u00e9s contre les mutilations g\u00e9nitales f\u00e9minines"},"content":{"rendered":"<p class=\"wp-block-paragraph\">L\u2019Association des juristes s\u00e9n\u00e9galaises (AJS) a adress\u00e9 une lettre de solidarit\u00e9 aux organisations maliennes engag\u00e9es contre les mutilations g\u00e9nitales f\u00e9minines (MGF).<\/p>\n<p class=\"wp-block-paragraph\">Dans un communiqu\u00e9 rendu public ce jour, l\u2019AJS r\u00e9affirme son soutien \u00e0 la mobilisation pour l\u2019\u00e9limination de cette pratique. Pour l\u2019AJS, les MGF \u2018\u2019ne sauraient \u00eatre consid\u00e9r\u00e9es comme une simple pratique culturelle ou sociale\u2019\u2019.<\/p>\n<p class=\"wp-block-paragraph\">Selon la pr\u00e9sidente Aminata Fall Niang, les mutilations g\u00e9nitales f\u00e9minines constituent une&nbsp;violation des droits humains et portent gravement atteinte aux droits fondamentaux, \u00e0 la s\u00e9curit\u00e9, \u00e0 la dignit\u00e9, \u00e0 l&rsquo;int\u00e9grit\u00e9 physique et psychologique, \u00e0 la sant\u00e9 des femmes et des filles ainsi qu&rsquo;\u00e0 l&rsquo;\u00e9galit\u00e9 entre les femmes et les hommes\u00a0\u00bb.<\/p>\n<p class=\"wp-block-paragraph\"><strong>Appel \u00e0 une mobilisation collective<\/strong><\/p>\n<p class=\"wp-block-paragraph\">Pour l\u2019AJS, l\u2019\u00e9limination des MGF n\u00e9cessite une mobilisation collective, durable et coordonn\u00e9e qui implique la soci\u00e9t\u00e9 civile, les pouvoirs publics, les professionnels du droit et de la sant\u00e9, les leaders communautaires, les m\u00e9dias et les communaut\u00e9s.<\/p>\n<p class=\"wp-block-paragraph\">L\u2019association r\u00e9affirme son attachement aux engagements internationaux et r\u00e9gionaux, notamment la CEDEF\/CEDAW, la Charte africaine des Droits de l&rsquo;homme et des peuples et le Protocole de Maputo relatif aux droits des femmes en Afrique.<\/p>\n<p class=\"wp-block-paragraph\">L\u2019AJS&nbsp;salue \u00e9galement le r\u00f4le essentiel jou\u00e9 par les associations de femmes juristes africaines dans le plaidoyer pour le renforcement des cadres juridiques, l\u2019acc\u00e8s \u00e0 la justice des survivantes et la transformation des normes sociales.<\/p>\n<p class=\"wp-block-paragraph\"><strong>Une approche fond\u00e9e sur les droits humains<\/strong><\/p>\n<p class=\"wp-block-paragraph\">Selon l\u2019AJS, la lutte doit reposer sur la pr\u00e9vention, l\u2019accompagnement des survivantes, la poursuite des auteurs, l\u2019\u00e9ducation, la sensibilisation et l\u2019autonomisation des communaut\u00e9s.<\/p>\n<p class=\"wp-block-paragraph\">L\u2019association reste \u00e9galement disponible pour renforcer les liens de collaboration avec l\u2019AJM \u00e0 travers le partage d\u2019exp\u00e9riences, des actions conjointes de plaidoyer, la sensibilisation et le renforcement des capacit\u00e9s des acteurs.&nbsp;<\/p>\n<p class=\"wp-block-paragraph\">\u00ab&nbsp;En cette p\u00e9riode o\u00f9 notre continent poursuit ses efforts pour mettre fin aux MGF, il est plus que jamais n\u00e9cessaire de faire entendre une voix africaine forte, unie et d\u00e9termin\u00e9e&nbsp;\u00bb, souligne le communiqu\u00e9.<\/p>\n<p class=\"wp-block-paragraph\">Enfin, L\u2019AJS r\u00e9it\u00e8re son enti\u00e8re solidarit\u00e9 et son engagement \u00e0 poursuivre, aux c\u00f4t\u00e9s des organisations maliennes, le combat pour l&rsquo;\u00e9limination des MGF pour la protection et la promotion des droits des femmes et des filles en Afrique.<\/p>\n","protected":false},"excerpt":{"rendered":"<p>L\u2019Association des juristes s\u00e9n\u00e9galaises (AJS) a adress\u00e9 une lettre de solidarit\u00e9 aux organisations maliennes engag\u00e9es contre les mutilations g\u00e9nitales f\u00e9minines (MGF). Dans un communiqu\u00e9 rendu public ce jour, l\u2019AJS r\u00e9affirme son soutien \u00e0 la mobilisation pour l\u2019\u00e9limination de cette pratique. Pour l\u2019AJS, les MGF \u2018\u2019ne sauraient \u00eatre consid\u00e9r\u00e9es comme une simple pratique culturelle ou sociale\u2019\u2019. &hellip;<\/p>\n","protected":false},"author":1,"featured_media":0,"comment_status":"open","ping_status":"closed","sticky":false,"template":"","format":"standard","meta":{"footnotes":""},"categories":[3,7,12],"tags":[],"class_list":["post-2392586","post","type-post","status-publish","format-standard","hentry","category-actualites","category-international","category-societe"],"_links":{"self":[{"href":"https:\/\/afrikmatin.com\/index.php?rest_route=\/wp\/v2\/posts\/2392586","targetHints":{"allow":["GET"]}}],"collection":[{"href":"https:\/\/afrikmatin.com\/index.php?rest_route=\/wp\/v2\/posts"}],"about":[{"href":"https:\/\/afrikmatin.com\/index.php?rest_route=\/wp\/v2\/types\/post"}],"author":[{"embeddable":true,"href":"https:\/\/afrikmatin.com\/index.php?rest_route=\/wp\/v2\/users\/1"}],"replies":[{"embeddable":true,"href":"https:\/\/afrikmatin.com\/index.php?rest_route=%2Fwp%2Fv2%2Fcomments&post=2392586"}],"version-history":[{"count":0,"href":"https:\/\/afrikmatin.com\/index.php?rest_route=\/wp\/v2\/posts\/2392586\/revisions"}],"wp:attachment":[{"href":"https:\/\/afrikmatin.com\/index.php?rest_route=%2Fwp%2Fv2%2Fmedia&parent=2392586"}],"wp:term":[{"taxonomy":"category","embeddable":true,"href":"https:\/\/afrikmatin.com\/index.php?rest_route=%2Fwp%2Fv2%2Fcategories&post=2392586"},{"taxonomy":"post_tag","embeddable":true,"href":"https:\/\/afrikmatin.com\/index.php?rest_route=%2Fwp%2Fv2%2Ftags&post=2392586"}],"curies":[{"name":"wp","href":"https:\/\/api.w.org\/{rel}","templated":true}]}}