{"id":2392587,"date":"2026-08-31T18:47:14","date_gmt":"2026-08-31T18:47:14","guid":{"rendered":"https:\/\/senego.com\/rdc-le-rejet-de-la-c64-et-la-manifestation-du-15-septembre-font-douter-de-la-tenue-du-dialogue-national_1998595.html"},"modified":"2026-08-31T18:47:14","modified_gmt":"2026-08-31T18:47:14","slug":"rdc-le-rejet-de-la-c64-et-la-manifestation-du-15-septembre-font-douter-de-la-tenue-du-dialogue-national","status":"publish","type":"post","link":"https:\/\/afrikmatin.com\/?p=2392587","title":{"rendered":"RDC : le rejet de la C64 et la manifestation du 15 septembre font douter de la tenue du dialogue national"},"content":{"rendered":"<p>Le processus doit passer par les 26 provinces avant de rejoindre Kinshasa, mais le dialogue national en RDC se heurte d\u00e9j\u00e0 au refus de l\u2019opposition.<\/p>\n<p>F\u00e9lix Tshisekedi a annonc\u00e9, le 28 ao\u00fbt, l\u2019ouverture d\u2019une vaste consultation nationale destin\u00e9e \u00e0 pr\u00e9parer des assises dans le pays. La Coalition Article 64 (C64), qui regroupe des forces de l\u2019opposition, a rejet\u00e9 d\u00e8s le lendemain cette d\u00e9marche, estimant qu\u2019elle rempla\u00e7ait le dialogue national inclusif r\u00e9clam\u00e9 par ses membres. L\u2019opposition accuse ainsi le pr\u00e9sident congolais de chercher \u00e0 se maintenir au pouvoir.<\/p>\n<p>Le dispositif pr\u00e9voit des consultations dans les 26 provinces, avec la participation des populations, des autorit\u00e9s locales, des \u00e9lus, des partis politiques et de la soci\u00e9t\u00e9 civile. Jean-Pierre Bemba et Vital Kamerhe, membres de l\u2019Union sacr\u00e9e, soutiennent l\u2019initiative pr\u00e9sidentielle. La C64 a pour sa part exprim\u00e9 un \u00ab non cat\u00e9gorique \u00bb aux consultations provinciales et une manifestation est pr\u00e9vue le 15 septembre, selon Jeune Afrique.<\/p>\n","protected":false},"excerpt":{"rendered":"<p>Le processus doit passer par les 26 provinces avant de rejoindre Kinshasa, mais le dialogue national en RDC se heurte d\u00e9j\u00e0 au refus de l\u2019opposition. F\u00e9lix Tshisekedi a annonc\u00e9, le 28 ao\u00fbt, l\u2019ouverture d\u2019une vaste consultation nationale destin\u00e9e \u00e0 pr\u00e9parer des assises dans le pays. La Coalition Article 64 (C64), qui regroupe des forces de &hellip;<\/p>\n","protected":false},"author":1,"featured_media":0,"comment_status":"open","ping_status":"closed","sticky":false,"template":"","format":"standard","meta":{"footnotes":""},"categories":[3,7,11],"tags":[],"class_list":["post-2392587","post","type-post","status-publish","format-standard","hentry","category-actualites","category-international","category-politique"],"_links":{"self":[{"href":"https:\/\/afrikmatin.com\/index.php?rest_route=\/wp\/v2\/posts\/2392587","targetHints":{"allow":["GET"]}}],"collection":[{"href":"https:\/\/afrikmatin.com\/index.php?rest_route=\/wp\/v2\/posts"}],"about":[{"href":"https:\/\/afrikmatin.com\/index.php?rest_route=\/wp\/v2\/types\/post"}],"author":[{"embeddable":true,"href":"https:\/\/afrikmatin.com\/index.php?rest_route=\/wp\/v2\/users\/1"}],"replies":[{"embeddable":true,"href":"https:\/\/afrikmatin.com\/index.php?rest_route=%2Fwp%2Fv2%2Fcomments&post=2392587"}],"version-history":[{"count":0,"href":"https:\/\/afrikmatin.com\/index.php?rest_route=\/wp\/v2\/posts\/2392587\/revisions"}],"wp:attachment":[{"href":"https:\/\/afrikmatin.com\/index.php?rest_route=%2Fwp%2Fv2%2Fmedia&parent=2392587"}],"wp:term":[{"taxonomy":"category","embeddable":true,"href":"https:\/\/afrikmatin.com\/index.php?rest_route=%2Fwp%2Fv2%2Fcategories&post=2392587"},{"taxonomy":"post_tag","embeddable":true,"href":"https:\/\/afrikmatin.com\/index.php?rest_route=%2Fwp%2Fv2%2Ftags&post=2392587"}],"curies":[{"name":"wp","href":"https:\/\/api.w.org\/{rel}","templated":true}]}}