{"id":2399173,"date":"2026-09-01T22:53:45","date_gmt":"2026-09-01T22:53:45","guid":{"rendered":"https:\/\/senego.com\/birame-diop-prend-la-tete-de-la-commission-de-la-cedeao-et-prone-unite-solidarite-et-respect_1998992.html"},"modified":"2026-09-01T22:53:45","modified_gmt":"2026-09-01T22:53:45","slug":"birame-diop-prend-la-tete-de-la-commission-de-la-cedeao-et-prone-unite-solidarite-et-respect","status":"publish","type":"post","link":"https:\/\/afrikmatin.com\/?p=2399173","title":{"rendered":"Birame Diop prend la t\u00eate de la Commission de la CEDEAO et pr\u00f4ne unit\u00e9, solidarit\u00e9 et respect"},"content":{"rendered":"<p>Le lundi 31 ao\u00fbt \u00e0 Abuja, le g\u00e9n\u00e9ral s\u00e9n\u00e9galais Birame Diop a pris ses fonctions de pr\u00e9sident de la Commission de la Communaut\u00e9 \u00e9conomique des \u00c9tats de l\u2019Afrique de l\u2019Ouest (CEDEAO). Il succ\u00e8de au Gambien Omar Alieu Touray, dont le mandat de quatre ans est arriv\u00e9 \u00e0 son terme.<\/p>\n<p>Le S\u00e9n\u00e9gal avait officialis\u00e9 la candidature de Birame Diop pour le mandat 2026-2030 alors qu\u2019il \u00e9tait encore ministre des Forces arm\u00e9es. Propos\u00e9e par le pr\u00e9sident Bassirou Diomaye Faye et le Premier ministre Ahmadou Al Aminou Lo, cette nomination ouvre la voie \u00e0 un remaniement minist\u00e9riel \u00e0 Dakar.<\/p>\n<p>Selon Afriquinfos, dans son discours inaugural, le nouveau responsable a plac\u00e9 son action sous le signe de l\u2019unit\u00e9, de la solidarit\u00e9 et du respect mutuel. Birame Diop prend la t\u00eate de la CEDEAO avec l\u2019appel \u00e0 b\u00e2tir une institution \u00ab unie, coh\u00e9rente et efficace \u00bb.<\/p>\n<p>Il a invit\u00e9 le personnel de l\u2019organisation et ses diff\u00e9rentes parties prenantes \u00e0 travailler de mani\u00e8re collective. Selon lui, la capacit\u00e9 de la Communaut\u00e9 \u00e0 rester unie et d\u00e9termin\u00e9e permettra de mesurer la force de l\u2019int\u00e9gration r\u00e9gionale.<\/p>\n<p>Ces orientations s\u2019inscrivent dans les priorit\u00e9s fix\u00e9es par la pr\u00e9sidence s\u00e9n\u00e9galaise de la CEDEAO. Le lancement prochain de l\u2019Eco, l\u2019am\u00e9lioration du recouvrement des pr\u00e9l\u00e8vements communautaires et la facilitation de la libre circulation des personnes et des biens figurent parmi les principaux chantiers. L\u2019activation de la brigade d\u00e9di\u00e9e \u00e0 la lutte contre le terrorisme constitue \u00e9galement un enjeu central.<\/p>\n<p>Comme l\u2019a r\u00e9sum\u00e9 Bassirou Diomaye Faye lors de ses \u00e9changes avec Birame Diop, la Commission devra ainsi agir sur plusieurs fronts \u00e0 la fois : la coh\u00e9sion r\u00e9gionale, la s\u00e9curit\u00e9, l\u2019int\u00e9gration \u00e9conomique et la coop\u00e9ration entre les \u00c9tats membres. Le mandat du nouveau pr\u00e9sident couvrira la p\u00e9riode 2026-2030, avec pour objectif de consolider les acquis de l\u2019organisation et de r\u00e9pondre aux attentes des populations ouest-africaines.<\/p>\n<p>La c\u00e9r\u00e9monie organis\u00e9e au nouveau si\u00e8ge de la Commission a aussi consacr\u00e9 la succession d\u2019Anthony Ogunjimi du Nigeria \u00e0 Damtien Tchintchibidja du Togo au poste de vice-pr\u00e9sident.<\/p>\n<p>Plusieurs autres responsables ont \u00e9t\u00e9 d\u00e9sign\u00e9s, dont Kalilou Sylla de C\u00f4te d\u2019Ivoire aux services internes, Francess Alghali de Sierra Leone aux affaires politiques, \u00e0 la paix et \u00e0 la s\u00e9curit\u00e9, ainsi que Dehpue Yenpea Zuo du Liberia aux affaires \u00e9conomiques et \u00e0 l\u2019agriculture.<\/p>\n<p>Amin Amidu Sulemani du Ghana a \u00e9t\u00e9 nomm\u00e9 aux infrastructures, \u00e0 l\u2019\u00e9nergie et \u00e0 la num\u00e9risation, tandis que Nassirou Bako-Arifari du B\u00e9nin prend en charge le d\u00e9veloppement humain et les affaires sociales.<\/p>\n<p>Carla Maria Borges Bettencourt du Cap-Vert devient auditeur g\u00e9n\u00e9ral des institutions de la CEDEAO. Palokinam Pitche du Togo dirigera l\u2019Organisation ouest-africaine de la sant\u00e9, et Mam Cherno Jallow le GIABA.<\/p>\n","protected":false},"excerpt":{"rendered":"<p>Le lundi 31 ao\u00fbt \u00e0 Abuja, le g\u00e9n\u00e9ral s\u00e9n\u00e9galais Birame Diop a pris ses fonctions de pr\u00e9sident de la Commission de la Communaut\u00e9 \u00e9conomique des \u00c9tats de l\u2019Afrique de l\u2019Ouest (CEDEAO). Il succ\u00e8de au Gambien Omar Alieu Touray, dont le mandat de quatre ans est arriv\u00e9 \u00e0 son terme. Le S\u00e9n\u00e9gal avait officialis\u00e9 la candidature &hellip;<\/p>\n","protected":false},"author":1,"featured_media":0,"comment_status":"open","ping_status":"closed","sticky":false,"template":"","format":"standard","meta":{"footnotes":""},"categories":[3,7,11],"tags":[],"class_list":["post-2399173","post","type-post","status-publish","format-standard","hentry","category-actualites","category-international","category-politique"],"_links":{"self":[{"href":"https:\/\/afrikmatin.com\/index.php?rest_route=\/wp\/v2\/posts\/2399173","targetHints":{"allow":["GET"]}}],"collection":[{"href":"https:\/\/afrikmatin.com\/index.php?rest_route=\/wp\/v2\/posts"}],"about":[{"href":"https:\/\/afrikmatin.com\/index.php?rest_route=\/wp\/v2\/types\/post"}],"author":[{"embeddable":true,"href":"https:\/\/afrikmatin.com\/index.php?rest_route=\/wp\/v2\/users\/1"}],"replies":[{"embeddable":true,"href":"https:\/\/afrikmatin.com\/index.php?rest_route=%2Fwp%2Fv2%2Fcomments&post=2399173"}],"version-history":[{"count":0,"href":"https:\/\/afrikmatin.com\/index.php?rest_route=\/wp\/v2\/posts\/2399173\/revisions"}],"wp:attachment":[{"href":"https:\/\/afrikmatin.com\/index.php?rest_route=%2Fwp%2Fv2%2Fmedia&parent=2399173"}],"wp:term":[{"taxonomy":"category","embeddable":true,"href":"https:\/\/afrikmatin.com\/index.php?rest_route=%2Fwp%2Fv2%2Fcategories&post=2399173"},{"taxonomy":"post_tag","embeddable":true,"href":"https:\/\/afrikmatin.com\/index.php?rest_route=%2Fwp%2Fv2%2Ftags&post=2399173"}],"curies":[{"name":"wp","href":"https:\/\/api.w.org\/{rel}","templated":true}]}}