{"id":2399177,"date":"2026-09-01T14:46:08","date_gmt":"2026-09-01T14:46:08","guid":{"rendered":"https:\/\/senego.com\/senegal-gambie-la-commission-mixte-tente-de-clarifier-le-trace-frontalier-dessine-en-1889_1998851.html"},"modified":"2026-09-01T14:46:08","modified_gmt":"2026-09-01T14:46:08","slug":"senegal-gambie-la-commission-mixte-tente-de-clarifier-le-trace-frontalier-dessine-en-1889","status":"publish","type":"post","link":"https:\/\/afrikmatin.com\/?p=2399177","title":{"rendered":"S\u00e9n\u00e9gal-Gambie : la commission mixte tente de clarifier le trac\u00e9 frontalier dessin\u00e9 en 1889"},"content":{"rendered":"<p>La fronti\u00e8re S\u00e9n\u00e9gal-Gambie reste au c\u0153ur des discussions apr\u00e8s la d\u00e9molition, en juillet, d\u2019un muret gambien par l\u2019arm\u00e9e s\u00e9n\u00e9galaise. L\u2019incident, survenu \u00e0 Bullock, dans le sud-ouest de la Gambie, a failli provoquer une crise diplomatique entre Dakar et Banjul.<\/p>\n<p>Le diff\u00e9rend porte sur une limite territoriale dont le trac\u00e9 a \u00e9t\u00e9 \u00e9tabli de mani\u00e8re approximative par les colonisateurs en 1889. Comme le rapporte Jeune Afrique, une commission mixte s\u00e9n\u00e9galo-gambienne est d\u00e9sormais charg\u00e9e de clarifier ce trac\u00e9 et d\u2019examiner les empi\u00e8tements signal\u00e9s de part et d\u2019autre.<\/p>\n<p>La crise a \u00e9galement concern\u00e9 des agriculteurs gambiens install\u00e9s le long de la fronti\u00e8re S\u00e9n\u00e9gal-Gambie. Le ministre gambien de l\u2019Information, Ismaila Ceesay, avait reconnu que la plupart des exploitants concern\u00e9s travaillaient en territoire s\u00e9n\u00e9galais, dans le cadre d\u2019un accord tacite qui permettait depuis plusieurs d\u00e9cennies le franchissement de la limite. Les consultations entre les deux pays ont ensuite autoris\u00e9 ces agriculteurs \u00e0 regagner leurs exploitations.<\/p>\n<p>Le pr\u00e9sident gambien Adama Barrow a fait \u00e9tat d\u2019avanc\u00e9es dans le r\u00e8glement des diff\u00e9rends frontaliers entre les deux pays.<\/p>\n","protected":false},"excerpt":{"rendered":"<p>La fronti\u00e8re S\u00e9n\u00e9gal-Gambie reste au c\u0153ur des discussions apr\u00e8s la d\u00e9molition, en juillet, d\u2019un muret gambien par l\u2019arm\u00e9e s\u00e9n\u00e9galaise. L\u2019incident, survenu \u00e0 Bullock, dans le sud-ouest de la Gambie, a failli provoquer une crise diplomatique entre Dakar et Banjul. Le diff\u00e9rend porte sur une limite territoriale dont le trac\u00e9 a \u00e9t\u00e9 \u00e9tabli de mani\u00e8re approximative &hellip;<\/p>\n","protected":false},"author":1,"featured_media":0,"comment_status":"open","ping_status":"closed","sticky":false,"template":"","format":"standard","meta":{"footnotes":""},"categories":[3,7],"tags":[],"class_list":["post-2399177","post","type-post","status-publish","format-standard","hentry","category-actualites","category-international"],"_links":{"self":[{"href":"https:\/\/afrikmatin.com\/index.php?rest_route=\/wp\/v2\/posts\/2399177","targetHints":{"allow":["GET"]}}],"collection":[{"href":"https:\/\/afrikmatin.com\/index.php?rest_route=\/wp\/v2\/posts"}],"about":[{"href":"https:\/\/afrikmatin.com\/index.php?rest_route=\/wp\/v2\/types\/post"}],"author":[{"embeddable":true,"href":"https:\/\/afrikmatin.com\/index.php?rest_route=\/wp\/v2\/users\/1"}],"replies":[{"embeddable":true,"href":"https:\/\/afrikmatin.com\/index.php?rest_route=%2Fwp%2Fv2%2Fcomments&post=2399177"}],"version-history":[{"count":0,"href":"https:\/\/afrikmatin.com\/index.php?rest_route=\/wp\/v2\/posts\/2399177\/revisions"}],"wp:attachment":[{"href":"https:\/\/afrikmatin.com\/index.php?rest_route=%2Fwp%2Fv2%2Fmedia&parent=2399177"}],"wp:term":[{"taxonomy":"category","embeddable":true,"href":"https:\/\/afrikmatin.com\/index.php?rest_route=%2Fwp%2Fv2%2Fcategories&post=2399177"},{"taxonomy":"post_tag","embeddable":true,"href":"https:\/\/afrikmatin.com\/index.php?rest_route=%2Fwp%2Fv2%2Ftags&post=2399177"}],"curies":[{"name":"wp","href":"https:\/\/api.w.org\/{rel}","templated":true}]}}