{"id":2405749,"date":"2026-09-02T11:29:41","date_gmt":"2026-09-02T11:29:41","guid":{"rendered":"https:\/\/senego.com\/?p=1999127"},"modified":"2026-09-02T11:29:41","modified_gmt":"2026-09-02T11:29:41","slug":"trafic-illicite-et-criminalite-transnationale-dakar-et-washington-misent-sur-lechange-de-donnees","status":"publish","type":"post","link":"https:\/\/afrikmatin.com\/?p=2405749","title":{"rendered":"Trafic illicite et criminalit\u00e9 transnationale : Dakar et Washington misent sur l\u2019\u00e9change de donn\u00e9es"},"content":{"rendered":"<p class=\"wp-block-paragraph\"><strong>Le S\u00e9n\u00e9gal et les \u00c9tats-Unis renforcent leur coop\u00e9ration dans la lutte contre le trafic illicite et la criminalit\u00e9 transnationale organis\u00e9e. Les deux pays viennent de franchir une nouvelle \u00e9tape avec la mise en \u0153uvre d\u2019un programme destin\u00e9 \u00e0 faciliter l\u2019\u00e9change de donn\u00e9es \u00e9lectroniques sur le fret international.<\/strong><\/p>\n<p class=\"wp-block-paragraph\">Une r\u00e9union de haut niveau s\u2019est tenue mardi 1er septembre 2026 entre la Direction g\u00e9n\u00e9rale des Douanes s\u00e9n\u00e9galaises et une d\u00e9l\u00e9gation du Customs and Border Protection (CBP) des \u00c9tats-Unis. La rencontre s\u2019est d\u00e9roul\u00e9e \u00e0 la Salle de conf\u00e9rence Mouhamadou Makhtar Ciss\u00e9 de la Direction g\u00e9n\u00e9rale des Douanes.<\/p>\n<p class=\"wp-block-paragraph\">Au c\u0153ur des \u00e9changes : la mise en \u0153uvre du Foreign Electronic Cargo Data Exchange Program (FECDEP), un dispositif qui doit permettre aux deux administrations douani\u00e8res de renforcer le partage d\u2019informations relatives aux marchandises achemin\u00e9es par voie internationale.<\/p>\n<p class=\"wp-block-paragraph\"><strong>Mieux identifier les risques<\/strong><\/p>\n<p class=\"wp-block-paragraph\">\u00c0 travers ce programme, les Douanes s\u00e9n\u00e9galaises et am\u00e9ricaines entendent am\u00e9liorer leurs capacit\u00e9s respectives \u00e0 identifier, \u00e9valuer et suivre conjointement les risques li\u00e9s aux moyens de transport international de marchandises.<\/p>\n<p class=\"wp-block-paragraph\">Le dispositif doit \u00e9galement contribuer \u00e0 d\u00e9tecter plus efficacement les menaces susceptibles d&rsquo;affecter la s\u00e9curit\u00e9 des fronti\u00e8res et des cha\u00eenes d&rsquo;approvisionnement internationales.<\/p>\n<p class=\"wp-block-paragraph\">Pour les deux administrations, cette coop\u00e9ration r\u00e9pond notamment \u00e0 l\u2019\u00e9volution constante des \u00e9changes commerciaux internationaux, mais aussi \u00e0 la sophistication croissante des r\u00e9seaux impliqu\u00e9s dans le trafic illicite et la criminalit\u00e9 transnationale organis\u00e9e.<\/p>\n<p class=\"wp-block-paragraph\">L\u2019\u00e9change de donn\u00e9es \u00e9lectroniques appara\u00eet ainsi comme un levier suppl\u00e9mentaire pour permettre aux services douaniers de mieux anticiper les risques et de renforcer leurs capacit\u00e9s de contr\u00f4le.<\/p>\n<p class=\"wp-block-paragraph\"><strong>Une coop\u00e9ration bilat\u00e9rale ancienne<\/strong><\/p>\n<p class=\"wp-block-paragraph\">Le lancement du FECDEP s\u2019inscrit dans le cadre d\u2019une coop\u00e9ration douani\u00e8re d\u00e9j\u00e0 ancienne entre le S\u00e9n\u00e9gal et les \u00c9tats-Unis.<\/p>\n<p class=\"wp-block-paragraph\">Cette collaboration bilat\u00e9rale repose notamment sur l\u2019Accord d\u2019assistance mutuelle en mati\u00e8re douani\u00e8re, sign\u00e9 en 2015 entre les deux pays.<\/p>\n<p class=\"wp-block-paragraph\">Avec ce nouveau programme, Dakar et Washington entendent donc approfondir cette collaboration en donnant une place accrue au partage d\u2019informations et \u00e0 l\u2019analyse des donn\u00e9es dans la s\u00e9curisation du fret international et la lutte contre les r\u00e9seaux criminels transfrontaliers.<\/p>\n","protected":false},"excerpt":{"rendered":"<p>Le S\u00e9n\u00e9gal et les \u00c9tats-Unis renforcent leur coop\u00e9ration dans la lutte contre le trafic illicite et la criminalit\u00e9 transnationale organis\u00e9e. Les deux pays viennent de franchir une nouvelle \u00e9tape avec la mise en \u0153uvre d\u2019un programme destin\u00e9 \u00e0 faciliter l\u2019\u00e9change de donn\u00e9es \u00e9lectroniques sur le fret international. Une r\u00e9union de haut niveau s\u2019est tenue mardi &hellip;<\/p>\n","protected":false},"author":1,"featured_media":0,"comment_status":"open","ping_status":"closed","sticky":false,"template":"","format":"standard","meta":{"footnotes":""},"categories":[3,7],"tags":[],"class_list":["post-2405749","post","type-post","status-publish","format-standard","hentry","category-actualites","category-international"],"_links":{"self":[{"href":"https:\/\/afrikmatin.com\/index.php?rest_route=\/wp\/v2\/posts\/2405749","targetHints":{"allow":["GET"]}}],"collection":[{"href":"https:\/\/afrikmatin.com\/index.php?rest_route=\/wp\/v2\/posts"}],"about":[{"href":"https:\/\/afrikmatin.com\/index.php?rest_route=\/wp\/v2\/types\/post"}],"author":[{"embeddable":true,"href":"https:\/\/afrikmatin.com\/index.php?rest_route=\/wp\/v2\/users\/1"}],"replies":[{"embeddable":true,"href":"https:\/\/afrikmatin.com\/index.php?rest_route=%2Fwp%2Fv2%2Fcomments&post=2405749"}],"version-history":[{"count":0,"href":"https:\/\/afrikmatin.com\/index.php?rest_route=\/wp\/v2\/posts\/2405749\/revisions"}],"wp:attachment":[{"href":"https:\/\/afrikmatin.com\/index.php?rest_route=%2Fwp%2Fv2%2Fmedia&parent=2405749"}],"wp:term":[{"taxonomy":"category","embeddable":true,"href":"https:\/\/afrikmatin.com\/index.php?rest_route=%2Fwp%2Fv2%2Fcategories&post=2405749"},{"taxonomy":"post_tag","embeddable":true,"href":"https:\/\/afrikmatin.com\/index.php?rest_route=%2Fwp%2Fv2%2Ftags&post=2405749"}],"curies":[{"name":"wp","href":"https:\/\/api.w.org\/{rel}","templated":true}]}}