{"id":368517,"date":"2025-11-09T12:20:47","date_gmt":"2025-11-09T12:20:47","guid":{"rendered":"https:\/\/senego.com\/accord-ue-mercosur-la-france-previent-quelle-ne-signera-pas-un-accord-qui-condamne-ses-agriculteurs_1894139.html"},"modified":"2025-11-09T12:20:47","modified_gmt":"2025-11-09T12:20:47","slug":"accord-ue-mercosur-la-france-previent-quelle-ne-signera-pas-un-accord-qui-condamne-ses-agriculteurs","status":"publish","type":"post","link":"https:\/\/afrikmatin.com\/?p=368517","title":{"rendered":"Accord UE-Mercosur : La France pr\u00e9vient qu\u2019elle ne \u00ab signera pas un accord \u00bb qui condamne ses agriculteurs"},"content":{"rendered":"<p>La ministre fran\u00e7aise de l&#8217;Agriculture, Annie Genevard, a r\u00e9affirm\u00e9 la position ferme de son pays concernant le projet d&#8217;accord commercial entre l&#8217;Union europ\u00e9enne et le Mercosur. Dans une intervention ce dimanche aupr\u00e8s du Journal du Dimanche, rapport\u00e9e par l&#8217;agence Anadolu, elle a assur\u00e9 que la France ne validerait pas un texte qui p\u00e9naliserait ses agriculteurs. [&#8230;] <\/p>\n","protected":false},"excerpt":{"rendered":"<p>La ministre fran\u00e7aise de l&#8217;Agriculture, Annie Genevard, a r\u00e9affirm\u00e9 la position ferme de son pays concernant le projet d&#8217;accord commercial entre l&#8217;Union europ\u00e9enne et le Mercosur. Dans une intervention ce dimanche aupr\u00e8s du Journal du Dimanche, rapport\u00e9e par l&#8217;agence Anadolu, elle a assur\u00e9 que la France ne validerait pas un texte qui p\u00e9naliserait ses agriculteurs. &hellip;<\/p>\n","protected":false},"author":1,"featured_media":0,"comment_status":"open","ping_status":"closed","sticky":false,"template":"","format":"standard","meta":{"footnotes":""},"categories":[3,7],"tags":[],"class_list":["post-368517","post","type-post","status-publish","format-standard","hentry","category-actualites","category-international"],"_links":{"self":[{"href":"https:\/\/afrikmatin.com\/index.php?rest_route=\/wp\/v2\/posts\/368517","targetHints":{"allow":["GET"]}}],"collection":[{"href":"https:\/\/afrikmatin.com\/index.php?rest_route=\/wp\/v2\/posts"}],"about":[{"href":"https:\/\/afrikmatin.com\/index.php?rest_route=\/wp\/v2\/types\/post"}],"author":[{"embeddable":true,"href":"https:\/\/afrikmatin.com\/index.php?rest_route=\/wp\/v2\/users\/1"}],"replies":[{"embeddable":true,"href":"https:\/\/afrikmatin.com\/index.php?rest_route=%2Fwp%2Fv2%2Fcomments&post=368517"}],"version-history":[{"count":0,"href":"https:\/\/afrikmatin.com\/index.php?rest_route=\/wp\/v2\/posts\/368517\/revisions"}],"wp:attachment":[{"href":"https:\/\/afrikmatin.com\/index.php?rest_route=%2Fwp%2Fv2%2Fmedia&parent=368517"}],"wp:term":[{"taxonomy":"category","embeddable":true,"href":"https:\/\/afrikmatin.com\/index.php?rest_route=%2Fwp%2Fv2%2Fcategories&post=368517"},{"taxonomy":"post_tag","embeddable":true,"href":"https:\/\/afrikmatin.com\/index.php?rest_route=%2Fwp%2Fv2%2Ftags&post=368517"}],"curies":[{"name":"wp","href":"https:\/\/api.w.org\/{rel}","templated":true}]}}