{"id":433568,"date":"2025-11-18T08:56:04","date_gmt":"2025-11-18T08:56:04","guid":{"rendered":"https:\/\/senego.com\/festival-de-timimoun-en-algerie-loasis-rouge-vibre-pour-le-7%e1%b5%89-art-et-sengage-a-signer-des-accords-avec-le-senegal_1896592.html"},"modified":"2025-11-18T08:56:04","modified_gmt":"2025-11-18T08:56:04","slug":"festival-de-timimoun-en-algerie-loasis-rouge-vibre-pour-le-7%e1%b5%89-art-et-sengage-a-signer-des-accords-avec-le-senegal","status":"publish","type":"post","link":"https:\/\/afrikmatin.com\/?p=433568","title":{"rendered":"Festival de Timimoun en Alg\u00e9rie : L\u2019oasis rouge vibre pour le 7\u1d49 art et s\u2019engage \u00e0 \u00ab signer des accords \u00bb avec le S\u00e9n\u00e9gal"},"content":{"rendered":"<p>La ville de Timimoun, en Alg\u00e9rie, est le th\u00e9\u00e2tre de la premi\u00e8re \u00e9dition du Festival international du cin\u00e9ma Court M\u00e9trage, qui se d\u00e9roule du 13 au 18 novembre. Cet \u00e9v\u00e9nement culturel a transform\u00e9 l&#8217;oasis saharienne en un p\u00f4le d&#8217;attraction pour les cin\u00e9astes et le public, avec le S\u00e9n\u00e9gal comme pays invit\u00e9 d&#8217;honneur. Situ\u00e9e au c\u0153ur [&#8230;] <\/p>\n","protected":false},"excerpt":{"rendered":"<p>La ville de Timimoun, en Alg\u00e9rie, est le th\u00e9\u00e2tre de la premi\u00e8re \u00e9dition du Festival international du cin\u00e9ma Court M\u00e9trage, qui se d\u00e9roule du 13 au 18 novembre. Cet \u00e9v\u00e9nement culturel a transform\u00e9 l&#8217;oasis saharienne en un p\u00f4le d&#8217;attraction pour les cin\u00e9astes et le public, avec le S\u00e9n\u00e9gal comme pays invit\u00e9 d&#8217;honneur. Situ\u00e9e au c\u0153ur &hellip;<\/p>\n","protected":false},"author":1,"featured_media":0,"comment_status":"open","ping_status":"closed","sticky":false,"template":"","format":"standard","meta":{"footnotes":""},"categories":[3,5,7],"tags":[],"class_list":["post-433568","post","type-post","status-publish","format-standard","hentry","category-actualites","category-culture","category-international"],"_links":{"self":[{"href":"https:\/\/afrikmatin.com\/index.php?rest_route=\/wp\/v2\/posts\/433568","targetHints":{"allow":["GET"]}}],"collection":[{"href":"https:\/\/afrikmatin.com\/index.php?rest_route=\/wp\/v2\/posts"}],"about":[{"href":"https:\/\/afrikmatin.com\/index.php?rest_route=\/wp\/v2\/types\/post"}],"author":[{"embeddable":true,"href":"https:\/\/afrikmatin.com\/index.php?rest_route=\/wp\/v2\/users\/1"}],"replies":[{"embeddable":true,"href":"https:\/\/afrikmatin.com\/index.php?rest_route=%2Fwp%2Fv2%2Fcomments&post=433568"}],"version-history":[{"count":0,"href":"https:\/\/afrikmatin.com\/index.php?rest_route=\/wp\/v2\/posts\/433568\/revisions"}],"wp:attachment":[{"href":"https:\/\/afrikmatin.com\/index.php?rest_route=%2Fwp%2Fv2%2Fmedia&parent=433568"}],"wp:term":[{"taxonomy":"category","embeddable":true,"href":"https:\/\/afrikmatin.com\/index.php?rest_route=%2Fwp%2Fv2%2Fcategories&post=433568"},{"taxonomy":"post_tag","embeddable":true,"href":"https:\/\/afrikmatin.com\/index.php?rest_route=%2Fwp%2Fv2%2Ftags&post=433568"}],"curies":[{"name":"wp","href":"https:\/\/api.w.org\/{rel}","templated":true}]}}