{"id":513118,"date":"2025-11-29T14:30:56","date_gmt":"2025-11-29T14:30:56","guid":{"rendered":"https:\/\/senego.com\/journees-theatrales-de-carthage-le-senegal-et-la-cote-divoire-denoncent-les-maux-de-la-societe-sur-la-scene-tunisienne_1899247.html"},"modified":"2025-11-29T14:30:56","modified_gmt":"2025-11-29T14:30:56","slug":"journees-theatrales-de-carthage-le-senegal-et-la-cote-divoire-denoncent-les-maux-de-la-societe-sur-la-scene-tunisienne","status":"publish","type":"post","link":"https:\/\/afrikmatin.com\/?p=513118","title":{"rendered":"Journ\u00e9es th\u00e9\u00e2trales de Carthage : Le S\u00e9n\u00e9gal et la C\u00f4te d\u2019Ivoire d\u00e9noncent les maux de la soci\u00e9t\u00e9 sur la sc\u00e8ne tunisienne"},"content":{"rendered":"<p>Le S\u00e9n\u00e9gal et la C\u00f4te d&#8217;Ivoire se sont illustr\u00e9s lors de la 26e \u00e9dition des Journ\u00e9es th\u00e9\u00e2trales de Carthage, qui se d\u00e9roule actuellement en Tunisie. Ce vendredi 28 novembre, les deux pays ont pr\u00e9sent\u00e9 des pi\u00e8ces engag\u00e9es dans le cadre de la comp\u00e9tition officielle de ce rendez-vous culturel majeur. Selon les informations de Kawtef, la [&#8230;] <\/p>\n","protected":false},"excerpt":{"rendered":"<p>Le S\u00e9n\u00e9gal et la C\u00f4te d&#8217;Ivoire se sont illustr\u00e9s lors de la 26e \u00e9dition des Journ\u00e9es th\u00e9\u00e2trales de Carthage, qui se d\u00e9roule actuellement en Tunisie. Ce vendredi 28 novembre, les deux pays ont pr\u00e9sent\u00e9 des pi\u00e8ces engag\u00e9es dans le cadre de la comp\u00e9tition officielle de ce rendez-vous culturel majeur. Selon les informations de Kawtef, la &hellip;<\/p>\n","protected":false},"author":1,"featured_media":0,"comment_status":"open","ping_status":"closed","sticky":false,"template":"","format":"standard","meta":{"footnotes":""},"categories":[3,5,7],"tags":[],"class_list":["post-513118","post","type-post","status-publish","format-standard","hentry","category-actualites","category-culture","category-international"],"_links":{"self":[{"href":"https:\/\/afrikmatin.com\/index.php?rest_route=\/wp\/v2\/posts\/513118","targetHints":{"allow":["GET"]}}],"collection":[{"href":"https:\/\/afrikmatin.com\/index.php?rest_route=\/wp\/v2\/posts"}],"about":[{"href":"https:\/\/afrikmatin.com\/index.php?rest_route=\/wp\/v2\/types\/post"}],"author":[{"embeddable":true,"href":"https:\/\/afrikmatin.com\/index.php?rest_route=\/wp\/v2\/users\/1"}],"replies":[{"embeddable":true,"href":"https:\/\/afrikmatin.com\/index.php?rest_route=%2Fwp%2Fv2%2Fcomments&post=513118"}],"version-history":[{"count":0,"href":"https:\/\/afrikmatin.com\/index.php?rest_route=\/wp\/v2\/posts\/513118\/revisions"}],"wp:attachment":[{"href":"https:\/\/afrikmatin.com\/index.php?rest_route=%2Fwp%2Fv2%2Fmedia&parent=513118"}],"wp:term":[{"taxonomy":"category","embeddable":true,"href":"https:\/\/afrikmatin.com\/index.php?rest_route=%2Fwp%2Fv2%2Fcategories&post=513118"},{"taxonomy":"post_tag","embeddable":true,"href":"https:\/\/afrikmatin.com\/index.php?rest_route=%2Fwp%2Fv2%2Ftags&post=513118"}],"curies":[{"name":"wp","href":"https:\/\/api.w.org\/{rel}","templated":true}]}}