{"id":534798,"date":"2025-12-02T12:20:50","date_gmt":"2025-12-02T12:20:50","guid":{"rendered":"https:\/\/senego.com\/rdc-sante-un-prix-continental-institue-pour-honorer-le-professeur-muyembe-dans-la-lutte-contre-les-epidemies_1899901.html"},"modified":"2025-12-02T12:20:50","modified_gmt":"2025-12-02T12:20:50","slug":"rdc-sante-un-prix-continental-institue-pour-honorer-le-professeur-muyembe-dans-la-lutte-contre-les-epidemies","status":"publish","type":"post","link":"https:\/\/afrikmatin.com\/?p=534798","title":{"rendered":"RDC \u2013 Sant\u00e9 : Un prix continental institu\u00e9 pour honorer le Professeur Muyembe dans la lutte contre les \u00e9pid\u00e9mies"},"content":{"rendered":"<p>Le ministre de la Sant\u00e9 de la R\u00e9publique d\u00e9mocratique du Congo (RDC), Samuel Roger Kamba, a officialis\u00e9 ce lundi 1er d\u00e9cembre la cr\u00e9ation du \u00ab Prix Muyembe pour la Lutte contre les \u00c9pid\u00e9mies \u00bb. L&#8217;institution de ce prix a \u00e9t\u00e9 annonc\u00e9e lors de la c\u00e9r\u00e9monie marquant la fin de la 16\u1d49 \u00e9pid\u00e9mie de la Maladie [&#8230;] <\/p>\n","protected":false},"excerpt":{"rendered":"<p>Le ministre de la Sant\u00e9 de la R\u00e9publique d\u00e9mocratique du Congo (RDC), Samuel Roger Kamba, a officialis\u00e9 ce lundi 1er d\u00e9cembre la cr\u00e9ation du \u00ab Prix Muyembe pour la Lutte contre les \u00c9pid\u00e9mies \u00bb. L&#8217;institution de ce prix a \u00e9t\u00e9 annonc\u00e9e lors de la c\u00e9r\u00e9monie marquant la fin de la 16\u1d49 \u00e9pid\u00e9mie de la Maladie &hellip;<\/p>\n","protected":false},"author":1,"featured_media":0,"comment_status":"open","ping_status":"closed","sticky":false,"template":"","format":"standard","meta":{"footnotes":""},"categories":[3,7],"tags":[],"class_list":["post-534798","post","type-post","status-publish","format-standard","hentry","category-actualites","category-international"],"_links":{"self":[{"href":"https:\/\/afrikmatin.com\/index.php?rest_route=\/wp\/v2\/posts\/534798","targetHints":{"allow":["GET"]}}],"collection":[{"href":"https:\/\/afrikmatin.com\/index.php?rest_route=\/wp\/v2\/posts"}],"about":[{"href":"https:\/\/afrikmatin.com\/index.php?rest_route=\/wp\/v2\/types\/post"}],"author":[{"embeddable":true,"href":"https:\/\/afrikmatin.com\/index.php?rest_route=\/wp\/v2\/users\/1"}],"replies":[{"embeddable":true,"href":"https:\/\/afrikmatin.com\/index.php?rest_route=%2Fwp%2Fv2%2Fcomments&post=534798"}],"version-history":[{"count":0,"href":"https:\/\/afrikmatin.com\/index.php?rest_route=\/wp\/v2\/posts\/534798\/revisions"}],"wp:attachment":[{"href":"https:\/\/afrikmatin.com\/index.php?rest_route=%2Fwp%2Fv2%2Fmedia&parent=534798"}],"wp:term":[{"taxonomy":"category","embeddable":true,"href":"https:\/\/afrikmatin.com\/index.php?rest_route=%2Fwp%2Fv2%2Fcategories&post=534798"},{"taxonomy":"post_tag","embeddable":true,"href":"https:\/\/afrikmatin.com\/index.php?rest_route=%2Fwp%2Fv2%2Ftags&post=534798"}],"curies":[{"name":"wp","href":"https:\/\/api.w.org\/{rel}","templated":true}]}}