{"id":534801,"date":"2025-12-01T08:00:38","date_gmt":"2025-12-01T08:00:38","guid":{"rendered":"https:\/\/senego.com\/?p=1899563"},"modified":"2025-12-01T08:00:38","modified_gmt":"2025-12-01T08:00:38","slug":"thiaroye-81-ans-apres-les-fouilles-devoilent-des-corps-enchaines-mutiles-et-enterres-hors-des-tombes-officielles","status":"publish","type":"post","link":"https:\/\/afrikmatin.com\/?p=534801","title":{"rendered":"Thiaroye : 81 ans apr\u00e8s, les fouilles d\u00e9voilent des corps encha\u00een\u00e9s, mutil\u00e9s et enterr\u00e9s hors des tombes officielles"},"content":{"rendered":"<p>\u00c0 l\u2019occasion du 81\u1d49 anniversaire du massacre de Thiaroye, le Pr\u00e9sident Bassirou Diomaye Faye pr\u00e9sidera, ce lundi 1\u1d49\u02b3 d\u00e9cembre 2025, la c\u00e9r\u00e9monie officielle de comm\u00e9moration. Mais cette \u00e9dition rev\u00eat une importance particuli\u00e8re : les premi\u00e8res conclusions des fouilles men\u00e9es par la sous-commission arch\u00e9ologie de la Commission \u00ab Massacre de Thiaroye \u00bb viennent bouleverser les certitudes [&#8230;] <\/p>\n","protected":false},"excerpt":{"rendered":"<p>\u00c0 l\u2019occasion du 81\u1d49 anniversaire du massacre de Thiaroye, le Pr\u00e9sident Bassirou Diomaye Faye pr\u00e9sidera, ce lundi 1\u1d49\u02b3 d\u00e9cembre 2025, la c\u00e9r\u00e9monie officielle de comm\u00e9moration. Mais cette \u00e9dition rev\u00eat une importance particuli\u00e8re : les premi\u00e8res conclusions des fouilles men\u00e9es par la sous-commission arch\u00e9ologie de la Commission \u00ab Massacre de Thiaroye \u00bb viennent bouleverser les certitudes &hellip;<\/p>\n","protected":false},"author":1,"featured_media":0,"comment_status":"open","ping_status":"closed","sticky":false,"template":"","format":"standard","meta":{"footnotes":""},"categories":[3,7,12],"tags":[],"class_list":["post-534801","post","type-post","status-publish","format-standard","hentry","category-actualites","category-international","category-societe"],"_links":{"self":[{"href":"https:\/\/afrikmatin.com\/index.php?rest_route=\/wp\/v2\/posts\/534801","targetHints":{"allow":["GET"]}}],"collection":[{"href":"https:\/\/afrikmatin.com\/index.php?rest_route=\/wp\/v2\/posts"}],"about":[{"href":"https:\/\/afrikmatin.com\/index.php?rest_route=\/wp\/v2\/types\/post"}],"author":[{"embeddable":true,"href":"https:\/\/afrikmatin.com\/index.php?rest_route=\/wp\/v2\/users\/1"}],"replies":[{"embeddable":true,"href":"https:\/\/afrikmatin.com\/index.php?rest_route=%2Fwp%2Fv2%2Fcomments&post=534801"}],"version-history":[{"count":0,"href":"https:\/\/afrikmatin.com\/index.php?rest_route=\/wp\/v2\/posts\/534801\/revisions"}],"wp:attachment":[{"href":"https:\/\/afrikmatin.com\/index.php?rest_route=%2Fwp%2Fv2%2Fmedia&parent=534801"}],"wp:term":[{"taxonomy":"category","embeddable":true,"href":"https:\/\/afrikmatin.com\/index.php?rest_route=%2Fwp%2Fv2%2Fcategories&post=534801"},{"taxonomy":"post_tag","embeddable":true,"href":"https:\/\/afrikmatin.com\/index.php?rest_route=%2Fwp%2Fv2%2Ftags&post=534801"}],"curies":[{"name":"wp","href":"https:\/\/api.w.org\/{rel}","templated":true}]}}