{"id":850388,"date":"2026-01-24T18:00:55","date_gmt":"2026-01-24T18:00:55","guid":{"rendered":"https:\/\/senego.com\/face-a-la-multiplication-des-tirs-federaux-a-minneapolis-lexigence-immediate-transmise-par-le-gouverneur-walz-a-la-maison-blanche_1916775.html"},"modified":"2026-01-24T18:00:55","modified_gmt":"2026-01-24T18:00:55","slug":"face-a-la-multiplication-des-tirs-federaux-a-minneapolis-lexigence-immediate-transmise-par-le-gouverneur-walz-a-la-maison-blanche","status":"publish","type":"post","link":"https:\/\/afrikmatin.com\/?p=850388","title":{"rendered":"Face \u00e0 la multiplication des tirs f\u00e9d\u00e9raux \u00e0 Minneapolis, l\u2019exigence imm\u00e9diate transmise par le gouverneur Walz \u00e0 la Maison Blanche"},"content":{"rendered":"<p>Minneapolis est de nouveau plong\u00e9e dans une atmosph\u00e8re de crise s\u00e9curitaire et politique. Alors que l&#8217;administration am\u00e9ricaine a d\u00e9ploy\u00e9 un important dispositif f\u00e9d\u00e9ral dans le cadre de sa politique migratoire, un nouvel incident mortel impliquant des agents frontaliers a eu lieu ce samedi. Cette intervention, survenue dans un climat d\u00e9j\u00e0 \u00e9lectrique, a provoqu\u00e9 une r\u00e9action [&#8230;] <\/p>\n","protected":false},"excerpt":{"rendered":"<p>Minneapolis est de nouveau plong\u00e9e dans une atmosph\u00e8re de crise s\u00e9curitaire et politique. Alors que l&#8217;administration am\u00e9ricaine a d\u00e9ploy\u00e9 un important dispositif f\u00e9d\u00e9ral dans le cadre de sa politique migratoire, un nouvel incident mortel impliquant des agents frontaliers a eu lieu ce samedi. Cette intervention, survenue dans un climat d\u00e9j\u00e0 \u00e9lectrique, a provoqu\u00e9 une r\u00e9action &hellip;<\/p>\n","protected":false},"author":1,"featured_media":0,"comment_status":"open","ping_status":"closed","sticky":false,"template":"","format":"standard","meta":{"footnotes":""},"categories":[3,7,12],"tags":[],"class_list":["post-850388","post","type-post","status-publish","format-standard","hentry","category-actualites","category-international","category-societe"],"_links":{"self":[{"href":"https:\/\/afrikmatin.com\/index.php?rest_route=\/wp\/v2\/posts\/850388","targetHints":{"allow":["GET"]}}],"collection":[{"href":"https:\/\/afrikmatin.com\/index.php?rest_route=\/wp\/v2\/posts"}],"about":[{"href":"https:\/\/afrikmatin.com\/index.php?rest_route=\/wp\/v2\/types\/post"}],"author":[{"embeddable":true,"href":"https:\/\/afrikmatin.com\/index.php?rest_route=\/wp\/v2\/users\/1"}],"replies":[{"embeddable":true,"href":"https:\/\/afrikmatin.com\/index.php?rest_route=%2Fwp%2Fv2%2Fcomments&post=850388"}],"version-history":[{"count":0,"href":"https:\/\/afrikmatin.com\/index.php?rest_route=\/wp\/v2\/posts\/850388\/revisions"}],"wp:attachment":[{"href":"https:\/\/afrikmatin.com\/index.php?rest_route=%2Fwp%2Fv2%2Fmedia&parent=850388"}],"wp:term":[{"taxonomy":"category","embeddable":true,"href":"https:\/\/afrikmatin.com\/index.php?rest_route=%2Fwp%2Fv2%2Fcategories&post=850388"},{"taxonomy":"post_tag","embeddable":true,"href":"https:\/\/afrikmatin.com\/index.php?rest_route=%2Fwp%2Fv2%2Ftags&post=850388"}],"curies":[{"name":"wp","href":"https:\/\/api.w.org\/{rel}","templated":true}]}}