{"id":9785,"date":"2024-02-09T08:50:29","date_gmt":"2024-02-09T08:50:29","guid":{"rendered":"https:\/\/afrikmatin.com\/?p=9785"},"modified":"2024-02-09T08:50:29","modified_gmt":"2024-02-09T08:50:29","slug":"commission-europeenne-soutien-de-210-millions-deuros-a-la-mauritanie-pour-la-gestion-des-migrations","status":"publish","type":"post","link":"https:\/\/afrikmatin.com\/?p=9785","title":{"rendered":"Commission europ\u00e9enne : Soutien de 210 millions d&rsquo;euros \u00e0 la Mauritanie pour la gestion des migrations"},"content":{"rendered":"<p><strong>Lors d&rsquo;une conf\u00e9rence de presse conjointe avec le pr\u00e9sident mauritanien Mohammed Ould Ghazouani et le chef du gouvernement espagnol Pedro S\u00e1nchez \u00e0 Nouakchott, la pr\u00e9sidente de la Commission europ\u00e9enne, Ursula von der Leyen, a d\u00e9voil\u00e9 un important soutien financier en faveur de la Mauritanie.<\/strong><\/p>\n<p>Ursula von der Leyen a soulign\u00e9 le r\u00f4le crucial de la Mauritanie dans la gestion des flux migratoires, ainsi que son engagement louable dans l&rsquo;accueil des r\u00e9fugi\u00e9s fuyant les violences r\u00e9gionales.<\/p>\n<p>En reconnaissance de ces efforts, l&rsquo;Union europ\u00e9enne s&rsquo;est engag\u00e9e \u00e0 fournir un soutien financier substantiel de 210 millions d&rsquo;euros. Ce montant sera allou\u00e9 pour la gestion des migrations, l&rsquo;aide humanitaire et pour cr\u00e9er des opportunit\u00e9s pour la jeunesse mauritanienne.<\/p>\n<p>La pr\u00e9sidente de la Commission europ\u00e9enne a \u00e9galement \u00e9voqu\u00e9 la situation pr\u00e9caire dans la r\u00e9gion du Sahel, soulignant le r\u00f4le primordial de la Mauritanie pour la stabilit\u00e9 r\u00e9gionale.<\/p>\n<p>Dans cette optique, l&rsquo;Union europ\u00e9enne renforcera son soutien \u00e0 la s\u00e9curit\u00e9 en allouant un montant suppl\u00e9mentaire de 22 millions d&rsquo;euros, portant ainsi le total \u00e0 40 millions d&rsquo;euros pour l&rsquo;ann\u00e9e en cours. Ces fonds contribueront notamment \u00e0 l&rsquo;\u00e9quipement d&rsquo;un nouveau bataillon mauritanien charg\u00e9 de lutter contre le terrorisme et de s\u00e9curiser la fronti\u00e8re orientale avec le Mali.<\/p>\n<p>La pr\u00e9sidente von der Leyen a mis en \u00e9vidence le lien entre l&rsquo;ins\u00e9curit\u00e9 et le manque d&rsquo;opportunit\u00e9s \u00e9conomiques dans la r\u00e9gion, qui alimentent la migration irr\u00e9guli\u00e8re. Elle a plaid\u00e9 en faveur d&rsquo;une coop\u00e9ration renforc\u00e9e entre l&rsquo;Union europ\u00e9enne et la Mauritanie pour lutter contre ce ph\u00e9nom\u00e8ne.<\/p>\n","protected":false},"excerpt":{"rendered":"<p>Lors d&rsquo;une conf\u00e9rence de presse conjointe avec le pr\u00e9sident mauritanien Mohammed Ould Ghazouani et le chef du gouvernement espagnol Pedro S\u00e1nchez \u00e0 Nouakchott, la pr\u00e9sidente de la Commission europ\u00e9enne, Ursula von der Leyen, a d\u00e9voil\u00e9 un important soutien financier en faveur de la Mauritanie. Ursula von der Leyen a soulign\u00e9 le r\u00f4le crucial de la &hellip;<\/p>\n","protected":false},"author":1,"featured_media":9788,"comment_status":"open","ping_status":"open","sticky":false,"template":"","format":"standard","meta":{"footnotes":""},"categories":[3,7,11,12],"tags":[205,933,2057,2765,4162],"class_list":["post-9785","post","type-post","status-publish","format-standard","has-post-thumbnail","hentry","category-actualites","category-international","category-politique","category-societe","tag-aide-humanitaire","tag-commission-europeenne","tag-gestion-des-migrations","tag-mauritanie","tag-soutien-financier"],"_links":{"self":[{"href":"https:\/\/afrikmatin.com\/index.php?rest_route=\/wp\/v2\/posts\/9785","targetHints":{"allow":["GET"]}}],"collection":[{"href":"https:\/\/afrikmatin.com\/index.php?rest_route=\/wp\/v2\/posts"}],"about":[{"href":"https:\/\/afrikmatin.com\/index.php?rest_route=\/wp\/v2\/types\/post"}],"author":[{"embeddable":true,"href":"https:\/\/afrikmatin.com\/index.php?rest_route=\/wp\/v2\/users\/1"}],"replies":[{"embeddable":true,"href":"https:\/\/afrikmatin.com\/index.php?rest_route=%2Fwp%2Fv2%2Fcomments&post=9785"}],"version-history":[{"count":0,"href":"https:\/\/afrikmatin.com\/index.php?rest_route=\/wp\/v2\/posts\/9785\/revisions"}],"wp:featuredmedia":[{"embeddable":true,"href":"https:\/\/afrikmatin.com\/index.php?rest_route=\/"}],"wp:attachment":[{"href":"https:\/\/afrikmatin.com\/index.php?rest_route=%2Fwp%2Fv2%2Fmedia&parent=9785"}],"wp:term":[{"taxonomy":"category","embeddable":true,"href":"https:\/\/afrikmatin.com\/index.php?rest_route=%2Fwp%2Fv2%2Fcategories&post=9785"},{"taxonomy":"post_tag","embeddable":true,"href":"https:\/\/afrikmatin.com\/index.php?rest_route=%2Fwp%2Fv2%2Ftags&post=9785"}],"curies":[{"name":"wp","href":"https:\/\/api.w.org\/{rel}","templated":true}]}}